{"id":5,"date":"2015-08-31T18:23:52","date_gmt":"2015-08-31T18:23:52","guid":{"rendered":"http:\/\/vpmk.edu.ee\/?p=5"},"modified":"2015-08-31T18:25:08","modified_gmt":"2015-08-31T18:25:08","slug":"1-september-ilmatingimuste-parast-kavas-on-muutused","status":"publish","type":"post","link":"https:\/\/vpmk.edu.ee\/ru\/uncategorized\/1-september-ilmatingimuste-parast-kavas-on-muutused\/","title":{"rendered":"1.september -Ilmatingimuste p\u00e4rast kavas on muutused"},"content":{"rendered":"<p><strong>Pidulik aktus toimub 1. septembril kell 11.00 J. Kuperjanovi 99. Kooli aulas<\/strong><\/p>\n<ul>\n<li>1. ja 9. klassi \u00f5pilased tulevad 1. septembril kell 10.30 aulasse.1.klassi ja 6.-9. klassi \u00f5pilased on aulas ja seej\u00e4rel klassijuhtajatund<\/li>\n<li>2.-5. klassi \u00f5pilastel kell 11.00 klassijuhtajatund ja seej\u00e4rel kell 11.45 avaaktus kooli aulas<\/li>\n<\/ul>\n<p><strong>\u0422\u043e\u0440\u0436\u0435\u0441\u0442\u0432\u0435\u043d\u043d\u0430\u044f \u043b\u0438\u043d\u0435\u0439\u043a\u0430 \u0441\u043e\u0441\u0442\u043e\u0438\u0442\u0441\u044f 1 \u0441\u0435\u043d\u0442\u044f\u0431\u0440\u044f \u0432 11.00 \u043d\u0430 \u042e. \u041a\u0443\u043f\u0435\u0440\u044c\u044f\u043d\u043e\u0432\u0438 99.<\/strong> <strong>\u0432 \u0430\u043a\u0442\u043e\u0432\u043e\u043c \u0437\u0430\u043b\u0435<\/strong><br \/>\n\u0423\u0447\u0430\u0449\u0438\u0435\u0441\u044f 1-\u0445 \u0438 9-\u0445 \u043a\u043b\u0430\u0441\u0441\u043e\u0432 \u043f\u0440\u0438\u0445\u043e\u0434\u044f\u0442 \u0432 10.30 \u0432 \u0430\u043a\u0442\u043e\u0432\u044b\u0439 \u0437\u0430\u043b.<\/p>\n<ul>\n<li>\u0423 \u0443\u0447\u0435\u043d\u0438\u043a\u043e\u0432 1 \u043a\u043b\u0430\u0441\u0441\u0430 \u0438 \u0441 6 \u043f\u043e 9 \u043a\u043b\u0430\u0441\u0441 \u043f\u0440\u043e\u0439\u0434\u0451\u0442 \u043b\u0438\u043d\u0435\u0439\u043a\u0430 \u0432 11.00 \u0432 \u0430\u043a\u0442\u043e\u0432\u043e\u043c \u0437\u0430\u043b\u0435, \u0437\u0430\u0442\u0435\u043c \u043a\u043b\u0430\u0441\u0441\u043d\u044b\u0435 \u0447\u0430\u0441\u044b<\/li>\n<li>\u0443 \u0443\u0447\u0435\u043d\u0438\u043a\u043e\u0432 \u0441\u043e 2 \u043f\u043e 5 \u043a\u043b\u0430\u0441\u0441 \u0432\u043d\u0430\u0447\u0430\u043b\u0435 \u043f\u0440\u043e\u0439\u0434\u0443\u0442 \u043a\u043b\u0430\u0441\u0441\u043d\u044b\u0435 \u0447\u0430\u0441\u044b, \u0430 \u0432 11.45 \u043b\u0438\u043d\u0435\u0439\u043a\u0430 \u0432 \u0430\u043a\u0442\u043e\u0432\u043e\u043c \u0437\u0430\u043b\u0435<\/li>\n<\/ul>\n","protected":false},"excerpt":{"rendered":"<p>Pidulik aktus toimub 1. septembril kell 11.00 J. Kuperjanovi 99. Kooli aulas 1. ja 9. klassi \u00f5pilased tulevad 1. septembril kell 10.30 aulasse.1.klassi ja 6.-9. klassi \u00f5pilased on aulas ja seej\u00e4rel klassijuhtajatund 2.-5. klassi \u00f5pilastel kell 11.00 klassijuhtajatund ja seej\u00e4rel kell 11.45 avaaktus kooli aulas \u0422\u043e\u0440\u0436\u0435\u0441\u0442\u0432\u0435\u043d\u043d\u0430\u044f \u043b\u0438\u043d\u0435\u0439\u043a\u0430 \u0441\u043e\u0441\u0442\u043e\u0438\u0442\u0441\u044f 1 \u0441\u0435\u043d\u0442\u044f\u0431\u0440\u044f \u0432 11.00 \u043d\u0430 \u042e. \u041a\u0443\u043f\u0435\u0440\u044c\u044f\u043d\u043e\u0432\u0438 &#8230; <a href=\"https:\/\/vpmk.edu.ee\/ru\/uncategorized\/1-september-ilmatingimuste-parast-kavas-on-muutused\/\" class=\"more-link\">Loe edasi<span class=\"screen-reader-text\"> &#171;1.september -Ilmatingimuste p\u00e4rast kavas on muutused&#187;<\/span> &raquo;<\/a><\/p>\n","protected":false},"author":1,"featured_media":0,"comment_status":"open","ping_status":"open","sticky":false,"template":"","format":"standard","meta":{"footnotes":""},"categories":[1],"tags":[],"class_list":["post-5","post","type-post","status-publish","format-standard","hentry","category-uncategorized"],"translation":{"provider":"WPGlobus","version":"3.0.1","language":"ru","enabled_languages":["ee","ru"],"languages":{"ee":{"title":true,"content":true,"excerpt":false},"ru":{"title":false,"content":false,"excerpt":false}}},"yoast_head":"<!-- This site is optimized with the Yoast SEO plugin v26.7 - https:\/\/yoast.com\/wordpress\/plugins\/seo\/ -->\n<title>1.september -Ilmatingimuste p\u00e4rast kavas on muutused - \u0412\u0430\u043b\u0433\u0430\u0441\u043a\u0430\u044f \u0448\u043a\u043e\u043b\u0430 \u041f\u0440\u0438\u0439\u043c\u0435\u0442\u0441\u0430<\/title>\n<meta name=\"robots\" content=\"index, follow, max-snippet:-1, max-image-preview:large, max-video-preview:-1\" \/>\n<link rel=\"canonical\" href=\"https:\/\/vpmk.edu.ee\/ru\/uncategorized\/1-september-ilmatingimuste-parast-kavas-on-muutused\/\" \/>\n<meta property=\"og:locale\" content=\"ru_RU\" \/>\n<meta property=\"og:type\" content=\"article\" \/>\n<meta property=\"og:title\" content=\"1.september -Ilmatingimuste p\u00e4rast kavas on muutused - \u0412\u0430\u043b\u0433\u0430\u0441\u043a\u0430\u044f \u0448\u043a\u043e\u043b\u0430 \u041f\u0440\u0438\u0439\u043c\u0435\u0442\u0441\u0430\" \/>\n<meta property=\"og:url\" content=\"https:\/\/vpmk.edu.ee\/ru\/uncategorized\/1-september-ilmatingimuste-parast-kavas-on-muutused\/\" \/>\n<meta property=\"og:site_name\" content=\"\u0412\u0430\u043b\u0433\u0430\u0441\u043a\u0430\u044f \u0448\u043a\u043e\u043b\u0430 \u041f\u0440\u0438\u0439\u043c\u0435\u0442\u0441\u0430\" \/>\n<meta property=\"article:published_time\" content=\"2015-08-31T18:23:52+00:00\" \/>\n<meta property=\"article:modified_time\" content=\"2015-08-31T18:25:08+00:00\" \/>\n<meta property=\"og:image\" content=\"https:\/\/vpmk.edu.ee\/wp-content\/uploads\/2023\/02\/Valga-Priimetsa-Kool-\u2013-logoks-3.png\" \/>\n\t<meta property=\"og:image:width\" content=\"3044\" \/>\n\t<meta property=\"og:image:height\" content=\"2776\" \/>\n\t<meta property=\"og:image:type\" content=\"image\/png\" \/>\n<meta name=\"author\" content=\"admin\" \/>\n<meta name=\"twitter:card\" content=\"summary_large_image\" \/>\n<meta name=\"twitter:label1\" content=\"\u041d\u0430\u043f\u0438\u0441\u0430\u043d\u043e \u0430\u0432\u0442\u043e\u0440\u043e\u043c\" \/>\n\t<meta name=\"twitter:data1\" content=\"admin\" \/>\n<script type=\"application\/ld+json\" class=\"yoast-schema-graph\">{\"@context\":\"https:\/\/schema.org\",\"@graph\":[{\"@type\":\"Article\",\"@id\":\"https:\/\/vpmk.edu.ee\/ru\/uncategorized\/1-september-ilmatingimuste-parast-kavas-on-muutused\/#article\",\"isPartOf\":{\"@id\":\"https:\/\/vpmk.edu.ee\/ru\/uncategorized\/1-september-ilmatingimuste-parast-kavas-on-muutused\/\"},\"author\":{\"name\":\"admin\",\"@id\":\"http:\/\/vpmk.edu.ee\/#\/schema\/person\/b693421954d5716dd88c8278f99c93d0\"},\"headline\":\"1.september -Ilmatingimuste p\u00e4rast kavas on muutused\",\"datePublished\":\"2015-08-31T18:23:52+00:00\",\"dateModified\":\"2015-08-31T18:25:08+00:00\",\"mainEntityOfPage\":{\"@id\":\"https:\/\/vpmk.edu.ee\/ru\/uncategorized\/1-september-ilmatingimuste-parast-kavas-on-muutused\/\"},\"wordCount\":98,\"commentCount\":0,\"publisher\":{\"@id\":\"http:\/\/vpmk.edu.ee\/#organization\"},\"articleSection\":[\"Uudised\"],\"inLanguage\":\"ru-RU\",\"potentialAction\":[{\"@type\":\"CommentAction\",\"name\":\"Comment\",\"target\":[\"https:\/\/vpmk.edu.ee\/ru\/uncategorized\/1-september-ilmatingimuste-parast-kavas-on-muutused\/#respond\"]}]},{\"@type\":\"WebPage\",\"@id\":\"https:\/\/vpmk.edu.ee\/ru\/uncategorized\/1-september-ilmatingimuste-parast-kavas-on-muutused\/\",\"url\":\"https:\/\/vpmk.edu.ee\/ru\/uncategorized\/1-september-ilmatingimuste-parast-kavas-on-muutused\/\",\"name\":\"1.september -Ilmatingimuste p\u00e4rast kavas on muutused - \u0412\u0430\u043b\u0433\u0430\u0441\u043a\u0430\u044f \u0448\u043a\u043e\u043b\u0430 \u041f\u0440\u0438\u0439\u043c\u0435\u0442\u0441\u0430\",\"isPartOf\":{\"@id\":\"http:\/\/vpmk.edu.ee\/#website\"},\"datePublished\":\"2015-08-31T18:23:52+00:00\",\"dateModified\":\"2015-08-31T18:25:08+00:00\",\"breadcrumb\":{\"@id\":\"https:\/\/vpmk.edu.ee\/ru\/uncategorized\/1-september-ilmatingimuste-parast-kavas-on-muutused\/#breadcrumb\"},\"inLanguage\":\"ru-RU\",\"potentialAction\":[{\"@type\":\"ReadAction\",\"target\":[\"https:\/\/vpmk.edu.ee\/ru\/uncategorized\/1-september-ilmatingimuste-parast-kavas-on-muutused\/\"]}]},{\"@type\":\"BreadcrumbList\",\"@id\":\"https:\/\/vpmk.edu.ee\/ru\/uncategorized\/1-september-ilmatingimuste-parast-kavas-on-muutused\/#breadcrumb\",\"itemListElement\":[{\"@type\":\"ListItem\",\"position\":1,\"name\":\"Home\",\"item\":\"http:\/\/vpmk.edu.ee\/\"},{\"@type\":\"ListItem\",\"position\":2,\"name\":\"1.september -Ilmatingimuste p\u00e4rast kavas on muutused\"}]},{\"@type\":\"WebSite\",\"@id\":\"http:\/\/vpmk.edu.ee\/#website\",\"url\":\"http:\/\/vpmk.edu.ee\/\",\"name\":\"\u0412\u0430\u043b\u0433\u0430\u0441\u043a\u0430\u044f \u0448\u043a\u043e\u043b\u0430 \u041f\u0440\u0438\u0439\u043c\u0435\u0442\u0441\u0430\",\"description\":\"\",\"publisher\":{\"@id\":\"http:\/\/vpmk.edu.ee\/#organization\"},\"potentialAction\":[{\"@type\":\"SearchAction\",\"target\":{\"@type\":\"EntryPoint\",\"urlTemplate\":\"http:\/\/vpmk.edu.ee\/?s={search_term_string}\"},\"query-input\":{\"@type\":\"PropertyValueSpecification\",\"valueRequired\":true,\"valueName\":\"search_term_string\"}}],\"inLanguage\":\"ru-RU\"},{\"@type\":\"Organization\",\"@id\":\"http:\/\/vpmk.edu.ee\/#organization\",\"name\":\"\u0412\u0430\u043b\u0433\u0430\u0441\u043a\u0430\u044f \u0448\u043a\u043e\u043b\u0430 \u041f\u0440\u0438\u0439\u043c\u0435\u0442\u0441\u0430\",\"url\":\"http:\/\/vpmk.edu.ee\/\",\"logo\":{\"@type\":\"ImageObject\",\"inLanguage\":\"ru-RU\",\"@id\":\"http:\/\/vpmk.edu.ee\/#\/schema\/logo\/image\/\",\"url\":\"https:\/\/vpmk.edu.ee\/wp-content\/uploads\/2023\/02\/cropped-cropped-Valga-Priimetsa-Kool-\u2013-logoks-1.png\",\"contentUrl\":\"https:\/\/vpmk.edu.ee\/wp-content\/uploads\/2023\/02\/cropped-cropped-Valga-Priimetsa-Kool-\u2013-logoks-1.png\",\"width\":2058,\"height\":1615,\"caption\":\"\u0412\u0430\u043b\u0433\u0430\u0441\u043a\u0430\u044f \u0448\u043a\u043e\u043b\u0430 \u041f\u0440\u0438\u0439\u043c\u0435\u0442\u0441\u0430\"},\"image\":{\"@id\":\"http:\/\/vpmk.edu.ee\/#\/schema\/logo\/image\/\"}},{\"@type\":\"Person\",\"@id\":\"http:\/\/vpmk.edu.ee\/#\/schema\/person\/b693421954d5716dd88c8278f99c93d0\",\"name\":\"admin\",\"image\":{\"@type\":\"ImageObject\",\"inLanguage\":\"ru-RU\",\"@id\":\"http:\/\/vpmk.edu.ee\/#\/schema\/person\/image\/\",\"url\":\"https:\/\/secure.gravatar.com\/avatar\/4aedece541d48f90b5a3b7f4264d10efeae425585287490a3715512d3ab034bf?s=96&d=mm&r=g\",\"contentUrl\":\"https:\/\/secure.gravatar.com\/avatar\/4aedece541d48f90b5a3b7f4264d10efeae425585287490a3715512d3ab034bf?s=96&d=mm&r=g\",\"caption\":\"admin\"},\"url\":\"https:\/\/vpmk.edu.ee\/ru\/author\/admin\/\"}]}<\/script>\n<!-- \/ Yoast SEO plugin. -->","yoast_head_json":{"title":"1.september -Ilmatingimuste p\u00e4rast kavas on muutused - \u0412\u0430\u043b\u0433\u0430\u0441\u043a\u0430\u044f \u0448\u043a\u043e\u043b\u0430 \u041f\u0440\u0438\u0439\u043c\u0435\u0442\u0441\u0430","robots":{"index":"index","follow":"follow","max-snippet":"max-snippet:-1","max-image-preview":"max-image-preview:large","max-video-preview":"max-video-preview:-1"},"canonical":"https:\/\/vpmk.edu.ee\/ru\/uncategorized\/1-september-ilmatingimuste-parast-kavas-on-muutused\/","og_locale":"ru_RU","og_type":"article","og_title":"1.september -Ilmatingimuste p\u00e4rast kavas on muutused - \u0412\u0430\u043b\u0433\u0430\u0441\u043a\u0430\u044f \u0448\u043a\u043e\u043b\u0430 \u041f\u0440\u0438\u0439\u043c\u0435\u0442\u0441\u0430","og_url":"https:\/\/vpmk.edu.ee\/ru\/uncategorized\/1-september-ilmatingimuste-parast-kavas-on-muutused\/","og_site_name":"\u0412\u0430\u043b\u0433\u0430\u0441\u043a\u0430\u044f \u0448\u043a\u043e\u043b\u0430 \u041f\u0440\u0438\u0439\u043c\u0435\u0442\u0441\u0430","article_published_time":"2015-08-31T18:23:52+00:00","article_modified_time":"2015-08-31T18:25:08+00:00","og_image":[{"width":3044,"height":2776,"url":"https:\/\/vpmk.edu.ee\/wp-content\/uploads\/2023\/02\/Valga-Priimetsa-Kool-\u2013-logoks-3.png","type":"image\/png"}],"author":"admin","twitter_card":"summary_large_image","twitter_misc":{"\u041d\u0430\u043f\u0438\u0441\u0430\u043d\u043e \u0430\u0432\u0442\u043e\u0440\u043e\u043c":"admin"},"schema":{"@context":"https:\/\/schema.org","@graph":[{"@type":"Article","@id":"https:\/\/vpmk.edu.ee\/ru\/uncategorized\/1-september-ilmatingimuste-parast-kavas-on-muutused\/#article","isPartOf":{"@id":"https:\/\/vpmk.edu.ee\/ru\/uncategorized\/1-september-ilmatingimuste-parast-kavas-on-muutused\/"},"author":{"name":"admin","@id":"http:\/\/vpmk.edu.ee\/#\/schema\/person\/b693421954d5716dd88c8278f99c93d0"},"headline":"1.september -Ilmatingimuste p\u00e4rast kavas on muutused","datePublished":"2015-08-31T18:23:52+00:00","dateModified":"2015-08-31T18:25:08+00:00","mainEntityOfPage":{"@id":"https:\/\/vpmk.edu.ee\/ru\/uncategorized\/1-september-ilmatingimuste-parast-kavas-on-muutused\/"},"wordCount":98,"commentCount":0,"publisher":{"@id":"http:\/\/vpmk.edu.ee\/#organization"},"articleSection":["Uudised"],"inLanguage":"ru-RU","potentialAction":[{"@type":"CommentAction","name":"Comment","target":["https:\/\/vpmk.edu.ee\/ru\/uncategorized\/1-september-ilmatingimuste-parast-kavas-on-muutused\/#respond"]}]},{"@type":"WebPage","@id":"https:\/\/vpmk.edu.ee\/ru\/uncategorized\/1-september-ilmatingimuste-parast-kavas-on-muutused\/","url":"https:\/\/vpmk.edu.ee\/ru\/uncategorized\/1-september-ilmatingimuste-parast-kavas-on-muutused\/","name":"1.september -Ilmatingimuste p\u00e4rast kavas on muutused - \u0412\u0430\u043b\u0433\u0430\u0441\u043a\u0430\u044f \u0448\u043a\u043e\u043b\u0430 \u041f\u0440\u0438\u0439\u043c\u0435\u0442\u0441\u0430","isPartOf":{"@id":"http:\/\/vpmk.edu.ee\/#website"},"datePublished":"2015-08-31T18:23:52+00:00","dateModified":"2015-08-31T18:25:08+00:00","breadcrumb":{"@id":"https:\/\/vpmk.edu.ee\/ru\/uncategorized\/1-september-ilmatingimuste-parast-kavas-on-muutused\/#breadcrumb"},"inLanguage":"ru-RU","potentialAction":[{"@type":"ReadAction","target":["https:\/\/vpmk.edu.ee\/ru\/uncategorized\/1-september-ilmatingimuste-parast-kavas-on-muutused\/"]}]},{"@type":"BreadcrumbList","@id":"https:\/\/vpmk.edu.ee\/ru\/uncategorized\/1-september-ilmatingimuste-parast-kavas-on-muutused\/#breadcrumb","itemListElement":[{"@type":"ListItem","position":1,"name":"Home","item":"http:\/\/vpmk.edu.ee\/"},{"@type":"ListItem","position":2,"name":"1.september -Ilmatingimuste p\u00e4rast kavas on muutused"}]},{"@type":"WebSite","@id":"http:\/\/vpmk.edu.ee\/#website","url":"http:\/\/vpmk.edu.ee\/","name":"\u0412\u0430\u043b\u0433\u0430\u0441\u043a\u0430\u044f \u0448\u043a\u043e\u043b\u0430 \u041f\u0440\u0438\u0439\u043c\u0435\u0442\u0441\u0430","description":"","publisher":{"@id":"http:\/\/vpmk.edu.ee\/#organization"},"potentialAction":[{"@type":"SearchAction","target":{"@type":"EntryPoint","urlTemplate":"http:\/\/vpmk.edu.ee\/?s={search_term_string}"},"query-input":{"@type":"PropertyValueSpecification","valueRequired":true,"valueName":"search_term_string"}}],"inLanguage":"ru-RU"},{"@type":"Organization","@id":"http:\/\/vpmk.edu.ee\/#organization","name":"\u0412\u0430\u043b\u0433\u0430\u0441\u043a\u0430\u044f \u0448\u043a\u043e\u043b\u0430 \u041f\u0440\u0438\u0439\u043c\u0435\u0442\u0441\u0430","url":"http:\/\/vpmk.edu.ee\/","logo":{"@type":"ImageObject","inLanguage":"ru-RU","@id":"http:\/\/vpmk.edu.ee\/#\/schema\/logo\/image\/","url":"https:\/\/vpmk.edu.ee\/wp-content\/uploads\/2023\/02\/cropped-cropped-Valga-Priimetsa-Kool-\u2013-logoks-1.png","contentUrl":"https:\/\/vpmk.edu.ee\/wp-content\/uploads\/2023\/02\/cropped-cropped-Valga-Priimetsa-Kool-\u2013-logoks-1.png","width":2058,"height":1615,"caption":"\u0412\u0430\u043b\u0433\u0430\u0441\u043a\u0430\u044f \u0448\u043a\u043e\u043b\u0430 \u041f\u0440\u0438\u0439\u043c\u0435\u0442\u0441\u0430"},"image":{"@id":"http:\/\/vpmk.edu.ee\/#\/schema\/logo\/image\/"}},{"@type":"Person","@id":"http:\/\/vpmk.edu.ee\/#\/schema\/person\/b693421954d5716dd88c8278f99c93d0","name":"admin","image":{"@type":"ImageObject","inLanguage":"ru-RU","@id":"http:\/\/vpmk.edu.ee\/#\/schema\/person\/image\/","url":"https:\/\/secure.gravatar.com\/avatar\/4aedece541d48f90b5a3b7f4264d10efeae425585287490a3715512d3ab034bf?s=96&d=mm&r=g","contentUrl":"https:\/\/secure.gravatar.com\/avatar\/4aedece541d48f90b5a3b7f4264d10efeae425585287490a3715512d3ab034bf?s=96&d=mm&r=g","caption":"admin"},"url":"https:\/\/vpmk.edu.ee\/ru\/author\/admin\/"}]}},"_links":{"self":[{"href":"https:\/\/vpmk.edu.ee\/ru\/wp-json\/wp\/v2\/posts\/5","targetHints":{"allow":["GET"]}}],"collection":[{"href":"https:\/\/vpmk.edu.ee\/ru\/wp-json\/wp\/v2\/posts"}],"about":[{"href":"https:\/\/vpmk.edu.ee\/ru\/wp-json\/wp\/v2\/types\/post"}],"author":[{"embeddable":true,"href":"https:\/\/vpmk.edu.ee\/ru\/wp-json\/wp\/v2\/users\/1"}],"replies":[{"embeddable":true,"href":"https:\/\/vpmk.edu.ee\/ru\/wp-json\/wp\/v2\/comments?post=5"}],"version-history":[{"count":3,"href":"https:\/\/vpmk.edu.ee\/ru\/wp-json\/wp\/v2\/posts\/5\/revisions"}],"predecessor-version":[{"id":8,"href":"https:\/\/vpmk.edu.ee\/ru\/wp-json\/wp\/v2\/posts\/5\/revisions\/8"}],"wp:attachment":[{"href":"https:\/\/vpmk.edu.ee\/ru\/wp-json\/wp\/v2\/media?parent=5"}],"wp:term":[{"taxonomy":"category","embeddable":true,"href":"https:\/\/vpmk.edu.ee\/ru\/wp-json\/wp\/v2\/categories?post=5"},{"taxonomy":"post_tag","embeddable":true,"href":"https:\/\/vpmk.edu.ee\/ru\/wp-json\/wp\/v2\/tags?post=5"}],"curies":[{"name":"wp","href":"https:\/\/api.w.org\/{rel}","templated":true}]}}