{"id":1426,"date":"2016-04-06T12:35:08","date_gmt":"2016-04-06T12:35:08","guid":{"rendered":"http:\/\/vpmk.edu.ee\/?p=1426"},"modified":"2016-04-06T12:49:31","modified_gmt":"2016-04-06T12:49:31","slug":"valga-priimetsa-koolil-on-voimalus-saada-nuudisaegne-oppekeskkond","status":"publish","type":"post","link":"https:\/\/vpmk.edu.ee\/ru\/uncategorized\/valga-priimetsa-koolil-on-voimalus-saada-nuudisaegne-oppekeskkond\/","title":{"rendered":"Valga Priimetsa koolil on v\u00f5imalus saada n\u00fc\u00fcdisaegne \u00f5ppekeskkond"},"content":{"rendered":"<p style=\"text-align: justify;\"><strong>Valga linn on oma kooliv\u00f5rku aastate jooksul korrastanud ja \u00fcmber korraldanud. On loodud eraldiseisev g\u00fcmnaasium ning kaks h\u00e4sti toimivat j\u00e4tkusuutlikku p\u00f5hikooli. Kungla t\u00e4nav 16 \u00f5ppehoone on v\u00e4rskelt renoveeritud. K\u00e4esoleva aasta 1. septembril avame t\u00e4iesti uue kuue saanud J. Kuperjanovi tn 10 Valga riigig\u00fcmnaasiumi \u00f5ppehoone.<\/strong><\/p>\n<p style=\"text-align: justify;\">Valga linna kooliv\u00f5rgus on kahel p\u00f5hikoolil, Valga Priimetsa koolil ja Valga p\u00f5hikoolil, t\u00e4ita v\u00e4ga suur roll &#8212; anda p\u00f5hiharidust, valmistades meie Valga noori ette iseseisvaks eluks ja j\u00e4rgnevateks \u00f5pinguteks.<br \/>\nN\u00fc\u00fcd on aeg ja v\u00f5imalus Priimetsa kooli tarbeks renoveerida \u00f5ppehoone(d) ja luua \u00f5pilastele ning \u00f5petajatele kaasaegsed \u00f5ppimis- ja \u00f5petamistingimused. Sellel kevadel avab haridus- ja teadusministeerium \u201eKooliv\u00f5rgu korrastamise&#187; meetme raames tegevuse \u201eKooliv\u00f5rgu korrastamise k\u00e4igus toimuv j\u00e4tkusuutlike koolide kaasajastamine&#187; elluviimise toetusv\u00f5imalused, mille k\u00e4igus on Valga linnal v\u00f5imalik taotleda toetust koolihoone renoveerimiseks. Toetuse eesm\u00e4rgiks on viia koolihooned vastavusse demograafiliste muutustega. Projekti raames on v\u00f5imalik renoveerida t\u00e4ielikult \u00f5ppehooned, ehitada v\u00e4lja \u00f5ueala, \u00f5ues\u00f5ppeklassid jms. Projekti kavandades peame v\u00e4ga hoolikalt j\u00e4lgima \u00f5pilaste arvu prognoosi aastaks 2030.<br \/>\nKoost\u00f6\u00f6s kooli juhtkonnaga on v\u00e4lja t\u00f6\u00f6tatud kaks v\u00f5imalikku varianti.<\/p>\n<p style=\"text-align: justify;\">Allikas: <a href=\"http:\/\/valga.ee\/et\/Uudised&amp;nID=5206\">Valga linna koduleht<\/a><\/p>\n<p style=\"text-align: justify;\"><a href=\"https:\/\/drive.google.com\/file\/d\/0B11JoyNt_XZzVzhnOFpFb3ptdnc\/view?usp=sharing\">Loe edasi<br \/>\n<\/a><a href=\"https:\/\/drive.google.com\/file\/d\/0B11JoyNt_XZzVzhnOFpFb3ptdnc\/view?usp=sharing\"><br \/>\n<\/a><a href=\"https:\/\/drive.google.com\/file\/d\/0B11JoyNt_XZzLTQ1VGJJMkItQUE\/view?usp=sharing\">Koolihooned: Vabaduse 13 \/ J. Kuperjanovi 99<br \/>\n<\/a><a href=\"https:\/\/drive.google.com\/file\/d\/0B11JoyNt_XZzUUpHSm1YY2JxdUE\/view?usp=sharing\">J. Kuperajnovi 99 renoveerimise ajal kasutatavad asenduspinnad<br \/>\n<\/a><a href=\"https:\/\/drive.google.com\/file\/d\/0B11JoyNt_XZzSXhKbjhIdEd6RFk\/view?usp=sharing\">Priimetsa kooli \u00f5pilaste ja \u00f5petajate elukohad Valga linnas<\/a><\/p>\n<p>&nbsp;<\/p>\n","protected":false},"excerpt":{"rendered":"<p>Valga linn on oma kooliv\u00f5rku aastate jooksul korrastanud ja \u00fcmber korraldanud. On loodud eraldiseisev g\u00fcmnaasium ning kaks h\u00e4sti toimivat j\u00e4tkusuutlikku p\u00f5hikooli. Kungla t\u00e4nav 16 \u00f5ppehoone on v\u00e4rskelt renoveeritud. K\u00e4esoleva aasta 1. septembril avame t\u00e4iesti uue kuue saanud J. Kuperjanovi tn 10 Valga riigig\u00fcmnaasiumi \u00f5ppehoone. Valga linna kooliv\u00f5rgus on kahel p\u00f5hikoolil, Valga Priimetsa koolil ja Valga &#8230; <a href=\"https:\/\/vpmk.edu.ee\/ru\/uncategorized\/valga-priimetsa-koolil-on-voimalus-saada-nuudisaegne-oppekeskkond\/\" class=\"more-link\">Loe edasi<span class=\"screen-reader-text\"> &#171;Valga Priimetsa koolil on v\u00f5imalus saada n\u00fc\u00fcdisaegne \u00f5ppekeskkond&#187;<\/span> &raquo;<\/a><\/p>\n","protected":false},"author":3,"featured_media":0,"comment_status":"closed","ping_status":"open","sticky":false,"template":"","format":"standard","meta":{"footnotes":""},"categories":[1],"tags":[],"class_list":["post-1426","post","type-post","status-publish","format-standard","hentry","category-uncategorized"],"translation":{"provider":"WPGlobus","version":"3.0.1","language":"ru","enabled_languages":["ee","ru"],"languages":{"ee":{"title":true,"content":true,"excerpt":false},"ru":{"title":false,"content":false,"excerpt":false}}},"yoast_head":"<!-- This site is optimized with the Yoast SEO plugin v26.7 - https:\/\/yoast.com\/wordpress\/plugins\/seo\/ -->\n<title>Valga Priimetsa koolil on v\u00f5imalus saada n\u00fc\u00fcdisaegne \u00f5ppekeskkond - \u0412\u0430\u043b\u0433\u0430\u0441\u043a\u0430\u044f \u0448\u043a\u043e\u043b\u0430 \u041f\u0440\u0438\u0439\u043c\u0435\u0442\u0441\u0430<\/title>\n<meta name=\"robots\" content=\"index, follow, max-snippet:-1, max-image-preview:large, max-video-preview:-1\" \/>\n<link rel=\"canonical\" href=\"https:\/\/vpmk.edu.ee\/ru\/uncategorized\/valga-priimetsa-koolil-on-voimalus-saada-nuudisaegne-oppekeskkond\/\" \/>\n<meta property=\"og:locale\" content=\"ru_RU\" \/>\n<meta property=\"og:type\" content=\"article\" \/>\n<meta property=\"og:title\" content=\"Valga Priimetsa koolil on v\u00f5imalus saada n\u00fc\u00fcdisaegne \u00f5ppekeskkond - \u0412\u0430\u043b\u0433\u0430\u0441\u043a\u0430\u044f \u0448\u043a\u043e\u043b\u0430 \u041f\u0440\u0438\u0439\u043c\u0435\u0442\u0441\u0430\" \/>\n<meta property=\"og:url\" content=\"https:\/\/vpmk.edu.ee\/ru\/uncategorized\/valga-priimetsa-koolil-on-voimalus-saada-nuudisaegne-oppekeskkond\/\" \/>\n<meta property=\"og:site_name\" content=\"\u0412\u0430\u043b\u0433\u0430\u0441\u043a\u0430\u044f \u0448\u043a\u043e\u043b\u0430 \u041f\u0440\u0438\u0439\u043c\u0435\u0442\u0441\u0430\" \/>\n<meta property=\"article:published_time\" content=\"2016-04-06T12:35:08+00:00\" \/>\n<meta property=\"article:modified_time\" content=\"2016-04-06T12:49:31+00:00\" \/>\n<meta property=\"og:image\" content=\"https:\/\/vpmk.edu.ee\/wp-content\/uploads\/2023\/02\/Valga-Priimetsa-Kool-\u2013-logoks-3.png\" \/>\n\t<meta property=\"og:image:width\" content=\"3044\" \/>\n\t<meta property=\"og:image:height\" content=\"2776\" \/>\n\t<meta property=\"og:image:type\" content=\"image\/png\" \/>\n<meta name=\"author\" content=\"Administraator\" \/>\n<meta name=\"twitter:card\" content=\"summary_large_image\" \/>\n<meta name=\"twitter:label1\" content=\"\u041d\u0430\u043f\u0438\u0441\u0430\u043d\u043e \u0430\u0432\u0442\u043e\u0440\u043e\u043c\" \/>\n\t<meta name=\"twitter:data1\" content=\"Administraator\" \/>\n\t<meta name=\"twitter:label2\" content=\"\u041f\u0440\u0438\u043c\u0435\u0440\u043d\u043e\u0435 \u0432\u0440\u0435\u043c\u044f \u0434\u043b\u044f \u0447\u0442\u0435\u043d\u0438\u044f\" \/>\n\t<meta name=\"twitter:data2\" content=\"1 \u043c\u0438\u043d\u0443\u0442\u0430\" \/>\n<script type=\"application\/ld+json\" class=\"yoast-schema-graph\">{\"@context\":\"https:\/\/schema.org\",\"@graph\":[{\"@type\":\"Article\",\"@id\":\"https:\/\/vpmk.edu.ee\/ru\/uncategorized\/valga-priimetsa-koolil-on-voimalus-saada-nuudisaegne-oppekeskkond\/#article\",\"isPartOf\":{\"@id\":\"https:\/\/vpmk.edu.ee\/ru\/uncategorized\/valga-priimetsa-koolil-on-voimalus-saada-nuudisaegne-oppekeskkond\/\"},\"author\":{\"name\":\"Administraator\",\"@id\":\"http:\/\/vpmk.edu.ee\/#\/schema\/person\/a15464c59434b4c3a472c03536668c48\"},\"headline\":\"Valga Priimetsa koolil on v\u00f5imalus saada n\u00fc\u00fcdisaegne \u00f5ppekeskkond\",\"datePublished\":\"2016-04-06T12:35:08+00:00\",\"dateModified\":\"2016-04-06T12:49:31+00:00\",\"mainEntityOfPage\":{\"@id\":\"https:\/\/vpmk.edu.ee\/ru\/uncategorized\/valga-priimetsa-koolil-on-voimalus-saada-nuudisaegne-oppekeskkond\/\"},\"wordCount\":231,\"publisher\":{\"@id\":\"http:\/\/vpmk.edu.ee\/#organization\"},\"articleSection\":[\"Uudised\"],\"inLanguage\":\"ru-RU\"},{\"@type\":\"WebPage\",\"@id\":\"https:\/\/vpmk.edu.ee\/ru\/uncategorized\/valga-priimetsa-koolil-on-voimalus-saada-nuudisaegne-oppekeskkond\/\",\"url\":\"https:\/\/vpmk.edu.ee\/ru\/uncategorized\/valga-priimetsa-koolil-on-voimalus-saada-nuudisaegne-oppekeskkond\/\",\"name\":\"Valga Priimetsa koolil on v\u00f5imalus saada n\u00fc\u00fcdisaegne \u00f5ppekeskkond - \u0412\u0430\u043b\u0433\u0430\u0441\u043a\u0430\u044f \u0448\u043a\u043e\u043b\u0430 \u041f\u0440\u0438\u0439\u043c\u0435\u0442\u0441\u0430\",\"isPartOf\":{\"@id\":\"http:\/\/vpmk.edu.ee\/#website\"},\"datePublished\":\"2016-04-06T12:35:08+00:00\",\"dateModified\":\"2016-04-06T12:49:31+00:00\",\"breadcrumb\":{\"@id\":\"https:\/\/vpmk.edu.ee\/ru\/uncategorized\/valga-priimetsa-koolil-on-voimalus-saada-nuudisaegne-oppekeskkond\/#breadcrumb\"},\"inLanguage\":\"ru-RU\",\"potentialAction\":[{\"@type\":\"ReadAction\",\"target\":[\"https:\/\/vpmk.edu.ee\/ru\/uncategorized\/valga-priimetsa-koolil-on-voimalus-saada-nuudisaegne-oppekeskkond\/\"]}]},{\"@type\":\"BreadcrumbList\",\"@id\":\"https:\/\/vpmk.edu.ee\/ru\/uncategorized\/valga-priimetsa-koolil-on-voimalus-saada-nuudisaegne-oppekeskkond\/#breadcrumb\",\"itemListElement\":[{\"@type\":\"ListItem\",\"position\":1,\"name\":\"Home\",\"item\":\"http:\/\/vpmk.edu.ee\/\"},{\"@type\":\"ListItem\",\"position\":2,\"name\":\"Valga Priimetsa koolil on v\u00f5imalus saada n\u00fc\u00fcdisaegne \u00f5ppekeskkond\"}]},{\"@type\":\"WebSite\",\"@id\":\"http:\/\/vpmk.edu.ee\/#website\",\"url\":\"http:\/\/vpmk.edu.ee\/\",\"name\":\"\u0412\u0430\u043b\u0433\u0430\u0441\u043a\u0430\u044f \u0448\u043a\u043e\u043b\u0430 \u041f\u0440\u0438\u0439\u043c\u0435\u0442\u0441\u0430\",\"description\":\"\",\"publisher\":{\"@id\":\"http:\/\/vpmk.edu.ee\/#organization\"},\"potentialAction\":[{\"@type\":\"SearchAction\",\"target\":{\"@type\":\"EntryPoint\",\"urlTemplate\":\"http:\/\/vpmk.edu.ee\/?s={search_term_string}\"},\"query-input\":{\"@type\":\"PropertyValueSpecification\",\"valueRequired\":true,\"valueName\":\"search_term_string\"}}],\"inLanguage\":\"ru-RU\"},{\"@type\":\"Organization\",\"@id\":\"http:\/\/vpmk.edu.ee\/#organization\",\"name\":\"\u0412\u0430\u043b\u0433\u0430\u0441\u043a\u0430\u044f \u0448\u043a\u043e\u043b\u0430 \u041f\u0440\u0438\u0439\u043c\u0435\u0442\u0441\u0430\",\"url\":\"http:\/\/vpmk.edu.ee\/\",\"logo\":{\"@type\":\"ImageObject\",\"inLanguage\":\"ru-RU\",\"@id\":\"http:\/\/vpmk.edu.ee\/#\/schema\/logo\/image\/\",\"url\":\"https:\/\/vpmk.edu.ee\/wp-content\/uploads\/2023\/02\/cropped-cropped-Valga-Priimetsa-Kool-\u2013-logoks-1.png\",\"contentUrl\":\"https:\/\/vpmk.edu.ee\/wp-content\/uploads\/2023\/02\/cropped-cropped-Valga-Priimetsa-Kool-\u2013-logoks-1.png\",\"width\":2058,\"height\":1615,\"caption\":\"\u0412\u0430\u043b\u0433\u0430\u0441\u043a\u0430\u044f \u0448\u043a\u043e\u043b\u0430 \u041f\u0440\u0438\u0439\u043c\u0435\u0442\u0441\u0430\"},\"image\":{\"@id\":\"http:\/\/vpmk.edu.ee\/#\/schema\/logo\/image\/\"}},{\"@type\":\"Person\",\"@id\":\"http:\/\/vpmk.edu.ee\/#\/schema\/person\/a15464c59434b4c3a472c03536668c48\",\"name\":\"Administraator\",\"image\":{\"@type\":\"ImageObject\",\"inLanguage\":\"ru-RU\",\"@id\":\"http:\/\/vpmk.edu.ee\/#\/schema\/person\/image\/\",\"url\":\"https:\/\/secure.gravatar.com\/avatar\/69202627f44ec0bafe37ae648c36be246247edc0f98a094bbc76298a4a172013?s=96&d=mm&r=g\",\"contentUrl\":\"https:\/\/secure.gravatar.com\/avatar\/69202627f44ec0bafe37ae648c36be246247edc0f98a094bbc76298a4a172013?s=96&d=mm&r=g\",\"caption\":\"Administraator\"},\"url\":\"https:\/\/vpmk.edu.ee\/ru\/author\/rait\/\"}]}<\/script>\n<!-- \/ Yoast SEO plugin. -->","yoast_head_json":{"title":"Valga Priimetsa koolil on v\u00f5imalus saada n\u00fc\u00fcdisaegne \u00f5ppekeskkond - \u0412\u0430\u043b\u0433\u0430\u0441\u043a\u0430\u044f \u0448\u043a\u043e\u043b\u0430 \u041f\u0440\u0438\u0439\u043c\u0435\u0442\u0441\u0430","robots":{"index":"index","follow":"follow","max-snippet":"max-snippet:-1","max-image-preview":"max-image-preview:large","max-video-preview":"max-video-preview:-1"},"canonical":"https:\/\/vpmk.edu.ee\/ru\/uncategorized\/valga-priimetsa-koolil-on-voimalus-saada-nuudisaegne-oppekeskkond\/","og_locale":"ru_RU","og_type":"article","og_title":"Valga Priimetsa koolil on v\u00f5imalus saada n\u00fc\u00fcdisaegne \u00f5ppekeskkond - \u0412\u0430\u043b\u0433\u0430\u0441\u043a\u0430\u044f \u0448\u043a\u043e\u043b\u0430 \u041f\u0440\u0438\u0439\u043c\u0435\u0442\u0441\u0430","og_url":"https:\/\/vpmk.edu.ee\/ru\/uncategorized\/valga-priimetsa-koolil-on-voimalus-saada-nuudisaegne-oppekeskkond\/","og_site_name":"\u0412\u0430\u043b\u0433\u0430\u0441\u043a\u0430\u044f \u0448\u043a\u043e\u043b\u0430 \u041f\u0440\u0438\u0439\u043c\u0435\u0442\u0441\u0430","article_published_time":"2016-04-06T12:35:08+00:00","article_modified_time":"2016-04-06T12:49:31+00:00","og_image":[{"width":3044,"height":2776,"url":"https:\/\/vpmk.edu.ee\/wp-content\/uploads\/2023\/02\/Valga-Priimetsa-Kool-\u2013-logoks-3.png","type":"image\/png"}],"author":"Administraator","twitter_card":"summary_large_image","twitter_misc":{"\u041d\u0430\u043f\u0438\u0441\u0430\u043d\u043e \u0430\u0432\u0442\u043e\u0440\u043e\u043c":"Administraator","\u041f\u0440\u0438\u043c\u0435\u0440\u043d\u043e\u0435 \u0432\u0440\u0435\u043c\u044f \u0434\u043b\u044f \u0447\u0442\u0435\u043d\u0438\u044f":"1 \u043c\u0438\u043d\u0443\u0442\u0430"},"schema":{"@context":"https:\/\/schema.org","@graph":[{"@type":"Article","@id":"https:\/\/vpmk.edu.ee\/ru\/uncategorized\/valga-priimetsa-koolil-on-voimalus-saada-nuudisaegne-oppekeskkond\/#article","isPartOf":{"@id":"https:\/\/vpmk.edu.ee\/ru\/uncategorized\/valga-priimetsa-koolil-on-voimalus-saada-nuudisaegne-oppekeskkond\/"},"author":{"name":"Administraator","@id":"http:\/\/vpmk.edu.ee\/#\/schema\/person\/a15464c59434b4c3a472c03536668c48"},"headline":"Valga Priimetsa koolil on v\u00f5imalus saada n\u00fc\u00fcdisaegne \u00f5ppekeskkond","datePublished":"2016-04-06T12:35:08+00:00","dateModified":"2016-04-06T12:49:31+00:00","mainEntityOfPage":{"@id":"https:\/\/vpmk.edu.ee\/ru\/uncategorized\/valga-priimetsa-koolil-on-voimalus-saada-nuudisaegne-oppekeskkond\/"},"wordCount":231,"publisher":{"@id":"http:\/\/vpmk.edu.ee\/#organization"},"articleSection":["Uudised"],"inLanguage":"ru-RU"},{"@type":"WebPage","@id":"https:\/\/vpmk.edu.ee\/ru\/uncategorized\/valga-priimetsa-koolil-on-voimalus-saada-nuudisaegne-oppekeskkond\/","url":"https:\/\/vpmk.edu.ee\/ru\/uncategorized\/valga-priimetsa-koolil-on-voimalus-saada-nuudisaegne-oppekeskkond\/","name":"Valga Priimetsa koolil on v\u00f5imalus saada n\u00fc\u00fcdisaegne \u00f5ppekeskkond - \u0412\u0430\u043b\u0433\u0430\u0441\u043a\u0430\u044f \u0448\u043a\u043e\u043b\u0430 \u041f\u0440\u0438\u0439\u043c\u0435\u0442\u0441\u0430","isPartOf":{"@id":"http:\/\/vpmk.edu.ee\/#website"},"datePublished":"2016-04-06T12:35:08+00:00","dateModified":"2016-04-06T12:49:31+00:00","breadcrumb":{"@id":"https:\/\/vpmk.edu.ee\/ru\/uncategorized\/valga-priimetsa-koolil-on-voimalus-saada-nuudisaegne-oppekeskkond\/#breadcrumb"},"inLanguage":"ru-RU","potentialAction":[{"@type":"ReadAction","target":["https:\/\/vpmk.edu.ee\/ru\/uncategorized\/valga-priimetsa-koolil-on-voimalus-saada-nuudisaegne-oppekeskkond\/"]}]},{"@type":"BreadcrumbList","@id":"https:\/\/vpmk.edu.ee\/ru\/uncategorized\/valga-priimetsa-koolil-on-voimalus-saada-nuudisaegne-oppekeskkond\/#breadcrumb","itemListElement":[{"@type":"ListItem","position":1,"name":"Home","item":"http:\/\/vpmk.edu.ee\/"},{"@type":"ListItem","position":2,"name":"Valga Priimetsa koolil on v\u00f5imalus saada n\u00fc\u00fcdisaegne \u00f5ppekeskkond"}]},{"@type":"WebSite","@id":"http:\/\/vpmk.edu.ee\/#website","url":"http:\/\/vpmk.edu.ee\/","name":"\u0412\u0430\u043b\u0433\u0430\u0441\u043a\u0430\u044f \u0448\u043a\u043e\u043b\u0430 \u041f\u0440\u0438\u0439\u043c\u0435\u0442\u0441\u0430","description":"","publisher":{"@id":"http:\/\/vpmk.edu.ee\/#organization"},"potentialAction":[{"@type":"SearchAction","target":{"@type":"EntryPoint","urlTemplate":"http:\/\/vpmk.edu.ee\/?s={search_term_string}"},"query-input":{"@type":"PropertyValueSpecification","valueRequired":true,"valueName":"search_term_string"}}],"inLanguage":"ru-RU"},{"@type":"Organization","@id":"http:\/\/vpmk.edu.ee\/#organization","name":"\u0412\u0430\u043b\u0433\u0430\u0441\u043a\u0430\u044f \u0448\u043a\u043e\u043b\u0430 \u041f\u0440\u0438\u0439\u043c\u0435\u0442\u0441\u0430","url":"http:\/\/vpmk.edu.ee\/","logo":{"@type":"ImageObject","inLanguage":"ru-RU","@id":"http:\/\/vpmk.edu.ee\/#\/schema\/logo\/image\/","url":"https:\/\/vpmk.edu.ee\/wp-content\/uploads\/2023\/02\/cropped-cropped-Valga-Priimetsa-Kool-\u2013-logoks-1.png","contentUrl":"https:\/\/vpmk.edu.ee\/wp-content\/uploads\/2023\/02\/cropped-cropped-Valga-Priimetsa-Kool-\u2013-logoks-1.png","width":2058,"height":1615,"caption":"\u0412\u0430\u043b\u0433\u0430\u0441\u043a\u0430\u044f \u0448\u043a\u043e\u043b\u0430 \u041f\u0440\u0438\u0439\u043c\u0435\u0442\u0441\u0430"},"image":{"@id":"http:\/\/vpmk.edu.ee\/#\/schema\/logo\/image\/"}},{"@type":"Person","@id":"http:\/\/vpmk.edu.ee\/#\/schema\/person\/a15464c59434b4c3a472c03536668c48","name":"Administraator","image":{"@type":"ImageObject","inLanguage":"ru-RU","@id":"http:\/\/vpmk.edu.ee\/#\/schema\/person\/image\/","url":"https:\/\/secure.gravatar.com\/avatar\/69202627f44ec0bafe37ae648c36be246247edc0f98a094bbc76298a4a172013?s=96&d=mm&r=g","contentUrl":"https:\/\/secure.gravatar.com\/avatar\/69202627f44ec0bafe37ae648c36be246247edc0f98a094bbc76298a4a172013?s=96&d=mm&r=g","caption":"Administraator"},"url":"https:\/\/vpmk.edu.ee\/ru\/author\/rait\/"}]}},"_links":{"self":[{"href":"https:\/\/vpmk.edu.ee\/ru\/wp-json\/wp\/v2\/posts\/1426","targetHints":{"allow":["GET"]}}],"collection":[{"href":"https:\/\/vpmk.edu.ee\/ru\/wp-json\/wp\/v2\/posts"}],"about":[{"href":"https:\/\/vpmk.edu.ee\/ru\/wp-json\/wp\/v2\/types\/post"}],"author":[{"embeddable":true,"href":"https:\/\/vpmk.edu.ee\/ru\/wp-json\/wp\/v2\/users\/3"}],"replies":[{"embeddable":true,"href":"https:\/\/vpmk.edu.ee\/ru\/wp-json\/wp\/v2\/comments?post=1426"}],"version-history":[{"count":6,"href":"https:\/\/vpmk.edu.ee\/ru\/wp-json\/wp\/v2\/posts\/1426\/revisions"}],"predecessor-version":[{"id":1432,"href":"https:\/\/vpmk.edu.ee\/ru\/wp-json\/wp\/v2\/posts\/1426\/revisions\/1432"}],"wp:attachment":[{"href":"https:\/\/vpmk.edu.ee\/ru\/wp-json\/wp\/v2\/media?parent=1426"}],"wp:term":[{"taxonomy":"category","embeddable":true,"href":"https:\/\/vpmk.edu.ee\/ru\/wp-json\/wp\/v2\/categories?post=1426"},{"taxonomy":"post_tag","embeddable":true,"href":"https:\/\/vpmk.edu.ee\/ru\/wp-json\/wp\/v2\/tags?post=1426"}],"curies":[{"name":"wp","href":"https:\/\/api.w.org\/{rel}","templated":true}]}}