{"id":12194,"date":"2025-09-11T12:47:00","date_gmt":"2025-09-11T10:47:00","guid":{"rendered":"https:\/\/vpmk.edu.ee\/?p=12194"},"modified":"2025-09-11T12:47:00","modified_gmt":"2025-09-11T10:47:00","slug":"valga-pohikooli-ja-valga-priimetsa-kooli-puhastusteenindajad-alustasid-erialaopinguid","status":"publish","type":"post","link":"https:\/\/vpmk.edu.ee\/ru\/info\/valga-pohikooli-ja-valga-priimetsa-kooli-puhastusteenindajad-alustasid-erialaopinguid\/","title":{"rendered":"Valga P\u00f5hikooli ja Valga Priimetsa kooli puhastusteenindajad alustasid eriala\u00f5pinguid!"},"content":{"rendered":"<p>Sel s\u00fcgisel astusid meie koolide puhastusteenindajad uude rolli \u2013 seekord \u00f5pilase rolli \u00fcheaastases taseme\u00f5ppes. Tegemist on t\u00f6\u00f6kohap\u00f5hise \u00f5ppega, kus nii \u00f5ppet\u00f6\u00f6 kui praktika toimub t\u00f6\u00f6kohal, v\u00f5imaldades osalejatel omandada v\u00e4\u00e4rtuslikke praktilisi kogemusi oma t\u00f6\u00f6keskkonnas.<\/p>\n<p>\u00d5pet viib l\u00e4bi Tartu Rakendusliku Kolled\u017ei (VOCO) kutse\u00f5petaja\u00a0<b>Dmitri Jurjev<\/b>, jagades k\u00f5ige v\u00e4rskemaid praktilisi teadmisi puhastusvaldkonnast. Soovime k\u00f5igile osalejatele palju\u00a0<b>\u00f5ppimisindu ja v\u00e4\u00e4rtuslikke kogemusi<\/b>\u00a0kogu \u00f5ppeaasta v\u00e4ltel!<\/p>\n<p><img loading=\"lazy\" decoding=\"async\" class=\"aligncenter size-large wp-image-12195\" src=\"http:\/\/vpmk.edu.ee\/wp-content\/uploads\/2025\/09\/IMG_1885-1024x768.jpg\" alt=\"\" width=\"640\" height=\"480\" srcset=\"https:\/\/vpmk.edu.ee\/wp-content\/uploads\/2025\/09\/IMG_1885-1024x768.jpg 1024w, https:\/\/vpmk.edu.ee\/wp-content\/uploads\/2025\/09\/IMG_1885-600x450.jpg 600w, https:\/\/vpmk.edu.ee\/wp-content\/uploads\/2025\/09\/IMG_1885-768x576.jpg 768w, https:\/\/vpmk.edu.ee\/wp-content\/uploads\/2025\/09\/IMG_1885-1536x1152.jpg 1536w, https:\/\/vpmk.edu.ee\/wp-content\/uploads\/2025\/09\/IMG_1885-2048x1536.jpg 2048w\" sizes=\"auto, (max-width: 640px) 100vw, 640px\" \/><\/p>\n","protected":false},"excerpt":{"rendered":"<p>Sel s\u00fcgisel astusid meie koolide puhastusteenindajad uude rolli \u2013 seekord \u00f5pilase rolli \u00fcheaastases taseme\u00f5ppes. Tegemist on t\u00f6\u00f6kohap\u00f5hise \u00f5ppega, kus nii \u00f5ppet\u00f6\u00f6 kui praktika toimub t\u00f6\u00f6kohal, v\u00f5imaldades osalejatel omandada v\u00e4\u00e4rtuslikke praktilisi kogemusi oma t\u00f6\u00f6keskkonnas. \u00d5pet viib l\u00e4bi Tartu Rakendusliku Kolled\u017ei (VOCO) kutse\u00f5petaja\u00a0Dmitri Jurjev, jagades k\u00f5ige v\u00e4rskemaid praktilisi teadmisi puhastusvaldkonnast. Soovime k\u00f5igile osalejatele palju\u00a0\u00f5ppimisindu ja v\u00e4\u00e4rtuslikke kogemusi\u00a0kogu &#8230; <a href=\"https:\/\/vpmk.edu.ee\/ru\/info\/valga-pohikooli-ja-valga-priimetsa-kooli-puhastusteenindajad-alustasid-erialaopinguid\/\" class=\"more-link\">Loe edasi<span class=\"screen-reader-text\"> &#171;Valga P\u00f5hikooli ja Valga Priimetsa kooli puhastusteenindajad alustasid eriala\u00f5pinguid!&#187;<\/span> &raquo;<\/a><\/p>\n","protected":false},"author":3,"featured_media":0,"comment_status":"closed","ping_status":"open","sticky":false,"template":"","format":"standard","meta":{"footnotes":""},"categories":[30],"tags":[],"class_list":["post-12194","post","type-post","status-publish","format-standard","hentry","category-info"],"translation":{"provider":"WPGlobus","version":"3.0.1","language":"ru","enabled_languages":["ee","ru"],"languages":{"ee":{"title":true,"content":true,"excerpt":false},"ru":{"title":false,"content":false,"excerpt":false}}},"yoast_head":"<!-- This site is optimized with the Yoast SEO plugin v26.7 - https:\/\/yoast.com\/wordpress\/plugins\/seo\/ -->\n<title>Valga P\u00f5hikooli ja Valga Priimetsa kooli puhastusteenindajad alustasid eriala\u00f5pinguid! - \u0412\u0430\u043b\u0433\u0430\u0441\u043a\u0430\u044f \u0448\u043a\u043e\u043b\u0430 \u041f\u0440\u0438\u0439\u043c\u0435\u0442\u0441\u0430<\/title>\n<meta name=\"robots\" content=\"index, follow, max-snippet:-1, max-image-preview:large, max-video-preview:-1\" \/>\n<link rel=\"canonical\" href=\"https:\/\/vpmk.edu.ee\/info\/valga-pohikooli-ja-valga-priimetsa-kooli-puhastusteenindajad-alustasid-erialaopinguid\/\" \/>\n<meta property=\"og:locale\" content=\"ru_RU\" \/>\n<meta property=\"og:type\" content=\"article\" \/>\n<meta property=\"og:title\" content=\"Valga P\u00f5hikooli ja Valga Priimetsa kooli puhastusteenindajad alustasid eriala\u00f5pinguid! - \u0412\u0430\u043b\u0433\u0430\u0441\u043a\u0430\u044f \u0448\u043a\u043e\u043b\u0430 \u041f\u0440\u0438\u0439\u043c\u0435\u0442\u0441\u0430\" \/>\n<meta property=\"og:url\" content=\"https:\/\/vpmk.edu.ee\/info\/valga-pohikooli-ja-valga-priimetsa-kooli-puhastusteenindajad-alustasid-erialaopinguid\/\" \/>\n<meta property=\"og:site_name\" content=\"\u0412\u0430\u043b\u0433\u0430\u0441\u043a\u0430\u044f \u0448\u043a\u043e\u043b\u0430 \u041f\u0440\u0438\u0439\u043c\u0435\u0442\u0441\u0430\" \/>\n<meta property=\"article:published_time\" content=\"2025-09-11T10:47:00+00:00\" \/>\n<meta property=\"og:image\" content=\"http:\/\/vpmk.edu.ee\/wp-content\/uploads\/2025\/09\/IMG_1885-1024x768.jpg\" \/>\n<meta name=\"author\" content=\"Administraator\" \/>\n<meta name=\"twitter:card\" content=\"summary_large_image\" \/>\n<meta name=\"twitter:label1\" content=\"\u041d\u0430\u043f\u0438\u0441\u0430\u043d\u043e \u0430\u0432\u0442\u043e\u0440\u043e\u043c\" \/>\n\t<meta name=\"twitter:data1\" content=\"Administraator\" \/>\n\t<meta name=\"twitter:label2\" content=\"\u041f\u0440\u0438\u043c\u0435\u0440\u043d\u043e\u0435 \u0432\u0440\u0435\u043c\u044f \u0434\u043b\u044f \u0447\u0442\u0435\u043d\u0438\u044f\" \/>\n\t<meta name=\"twitter:data2\" content=\"1 \u043c\u0438\u043d\u0443\u0442\u0430\" \/>\n<script type=\"application\/ld+json\" class=\"yoast-schema-graph\">{\"@context\":\"https:\/\/schema.org\",\"@graph\":[{\"@type\":\"Article\",\"@id\":\"https:\/\/vpmk.edu.ee\/info\/valga-pohikooli-ja-valga-priimetsa-kooli-puhastusteenindajad-alustasid-erialaopinguid\/#article\",\"isPartOf\":{\"@id\":\"https:\/\/vpmk.edu.ee\/info\/valga-pohikooli-ja-valga-priimetsa-kooli-puhastusteenindajad-alustasid-erialaopinguid\/\"},\"author\":{\"name\":\"Administraator\",\"@id\":\"http:\/\/vpmk.edu.ee\/#\/schema\/person\/a15464c59434b4c3a472c03536668c48\"},\"headline\":\"Valga P\u00f5hikooli ja Valga Priimetsa kooli puhastusteenindajad alustasid eriala\u00f5pinguid!\",\"datePublished\":\"2025-09-11T10:47:00+00:00\",\"mainEntityOfPage\":{\"@id\":\"https:\/\/vpmk.edu.ee\/info\/valga-pohikooli-ja-valga-priimetsa-kooli-puhastusteenindajad-alustasid-erialaopinguid\/\"},\"wordCount\":86,\"publisher\":{\"@id\":\"http:\/\/vpmk.edu.ee\/#organization\"},\"image\":{\"@id\":\"https:\/\/vpmk.edu.ee\/info\/valga-pohikooli-ja-valga-priimetsa-kooli-puhastusteenindajad-alustasid-erialaopinguid\/#primaryimage\"},\"thumbnailUrl\":\"http:\/\/vpmk.edu.ee\/wp-content\/uploads\/2025\/09\/IMG_1885-1024x768.jpg\",\"articleSection\":[\"Info\"],\"inLanguage\":\"ru-RU\"},{\"@type\":\"WebPage\",\"@id\":\"https:\/\/vpmk.edu.ee\/info\/valga-pohikooli-ja-valga-priimetsa-kooli-puhastusteenindajad-alustasid-erialaopinguid\/\",\"url\":\"https:\/\/vpmk.edu.ee\/info\/valga-pohikooli-ja-valga-priimetsa-kooli-puhastusteenindajad-alustasid-erialaopinguid\/\",\"name\":\"Valga P\u00f5hikooli ja Valga Priimetsa kooli puhastusteenindajad alustasid eriala\u00f5pinguid! - \u0412\u0430\u043b\u0433\u0430\u0441\u043a\u0430\u044f \u0448\u043a\u043e\u043b\u0430 \u041f\u0440\u0438\u0439\u043c\u0435\u0442\u0441\u0430\",\"isPartOf\":{\"@id\":\"http:\/\/vpmk.edu.ee\/#website\"},\"primaryImageOfPage\":{\"@id\":\"https:\/\/vpmk.edu.ee\/info\/valga-pohikooli-ja-valga-priimetsa-kooli-puhastusteenindajad-alustasid-erialaopinguid\/#primaryimage\"},\"image\":{\"@id\":\"https:\/\/vpmk.edu.ee\/info\/valga-pohikooli-ja-valga-priimetsa-kooli-puhastusteenindajad-alustasid-erialaopinguid\/#primaryimage\"},\"thumbnailUrl\":\"http:\/\/vpmk.edu.ee\/wp-content\/uploads\/2025\/09\/IMG_1885-1024x768.jpg\",\"datePublished\":\"2025-09-11T10:47:00+00:00\",\"breadcrumb\":{\"@id\":\"https:\/\/vpmk.edu.ee\/info\/valga-pohikooli-ja-valga-priimetsa-kooli-puhastusteenindajad-alustasid-erialaopinguid\/#breadcrumb\"},\"inLanguage\":\"ru-RU\",\"potentialAction\":[{\"@type\":\"ReadAction\",\"target\":[\"https:\/\/vpmk.edu.ee\/info\/valga-pohikooli-ja-valga-priimetsa-kooli-puhastusteenindajad-alustasid-erialaopinguid\/\"]}]},{\"@type\":\"ImageObject\",\"inLanguage\":\"ru-RU\",\"@id\":\"https:\/\/vpmk.edu.ee\/info\/valga-pohikooli-ja-valga-priimetsa-kooli-puhastusteenindajad-alustasid-erialaopinguid\/#primaryimage\",\"url\":\"http:\/\/vpmk.edu.ee\/wp-content\/uploads\/2025\/09\/IMG_1885-1024x768.jpg\",\"contentUrl\":\"http:\/\/vpmk.edu.ee\/wp-content\/uploads\/2025\/09\/IMG_1885-1024x768.jpg\"},{\"@type\":\"BreadcrumbList\",\"@id\":\"https:\/\/vpmk.edu.ee\/info\/valga-pohikooli-ja-valga-priimetsa-kooli-puhastusteenindajad-alustasid-erialaopinguid\/#breadcrumb\",\"itemListElement\":[{\"@type\":\"ListItem\",\"position\":1,\"name\":\"Home\",\"item\":\"http:\/\/vpmk.edu.ee\/\"},{\"@type\":\"ListItem\",\"position\":2,\"name\":\"Valga P\u00f5hikooli ja Valga Priimetsa kooli puhastusteenindajad alustasid eriala\u00f5pinguid!\"}]},{\"@type\":\"WebSite\",\"@id\":\"http:\/\/vpmk.edu.ee\/#website\",\"url\":\"http:\/\/vpmk.edu.ee\/\",\"name\":\"\u0412\u0430\u043b\u0433\u0430\u0441\u043a\u0430\u044f \u0448\u043a\u043e\u043b\u0430 \u041f\u0440\u0438\u0439\u043c\u0435\u0442\u0441\u0430\",\"description\":\"\",\"publisher\":{\"@id\":\"http:\/\/vpmk.edu.ee\/#organization\"},\"potentialAction\":[{\"@type\":\"SearchAction\",\"target\":{\"@type\":\"EntryPoint\",\"urlTemplate\":\"http:\/\/vpmk.edu.ee\/?s={search_term_string}\"},\"query-input\":{\"@type\":\"PropertyValueSpecification\",\"valueRequired\":true,\"valueName\":\"search_term_string\"}}],\"inLanguage\":\"ru-RU\"},{\"@type\":\"Organization\",\"@id\":\"http:\/\/vpmk.edu.ee\/#organization\",\"name\":\"\u0412\u0430\u043b\u0433\u0430\u0441\u043a\u0430\u044f \u0448\u043a\u043e\u043b\u0430 \u041f\u0440\u0438\u0439\u043c\u0435\u0442\u0441\u0430\",\"url\":\"http:\/\/vpmk.edu.ee\/\",\"logo\":{\"@type\":\"ImageObject\",\"inLanguage\":\"ru-RU\",\"@id\":\"http:\/\/vpmk.edu.ee\/#\/schema\/logo\/image\/\",\"url\":\"https:\/\/vpmk.edu.ee\/wp-content\/uploads\/2023\/02\/cropped-cropped-Valga-Priimetsa-Kool-\u2013-logoks-1.png\",\"contentUrl\":\"https:\/\/vpmk.edu.ee\/wp-content\/uploads\/2023\/02\/cropped-cropped-Valga-Priimetsa-Kool-\u2013-logoks-1.png\",\"width\":2058,\"height\":1615,\"caption\":\"\u0412\u0430\u043b\u0433\u0430\u0441\u043a\u0430\u044f \u0448\u043a\u043e\u043b\u0430 \u041f\u0440\u0438\u0439\u043c\u0435\u0442\u0441\u0430\"},\"image\":{\"@id\":\"http:\/\/vpmk.edu.ee\/#\/schema\/logo\/image\/\"}},{\"@type\":\"Person\",\"@id\":\"http:\/\/vpmk.edu.ee\/#\/schema\/person\/a15464c59434b4c3a472c03536668c48\",\"name\":\"Administraator\",\"image\":{\"@type\":\"ImageObject\",\"inLanguage\":\"ru-RU\",\"@id\":\"http:\/\/vpmk.edu.ee\/#\/schema\/person\/image\/\",\"url\":\"https:\/\/secure.gravatar.com\/avatar\/69202627f44ec0bafe37ae648c36be246247edc0f98a094bbc76298a4a172013?s=96&d=mm&r=g\",\"contentUrl\":\"https:\/\/secure.gravatar.com\/avatar\/69202627f44ec0bafe37ae648c36be246247edc0f98a094bbc76298a4a172013?s=96&d=mm&r=g\",\"caption\":\"Administraator\"},\"url\":\"https:\/\/vpmk.edu.ee\/ru\/author\/rait\/\"}]}<\/script>\n<!-- \/ Yoast SEO plugin. -->","yoast_head_json":{"title":"Valga P\u00f5hikooli ja Valga Priimetsa kooli puhastusteenindajad alustasid eriala\u00f5pinguid! - \u0412\u0430\u043b\u0433\u0430\u0441\u043a\u0430\u044f \u0448\u043a\u043e\u043b\u0430 \u041f\u0440\u0438\u0439\u043c\u0435\u0442\u0441\u0430","robots":{"index":"index","follow":"follow","max-snippet":"max-snippet:-1","max-image-preview":"max-image-preview:large","max-video-preview":"max-video-preview:-1"},"canonical":"https:\/\/vpmk.edu.ee\/info\/valga-pohikooli-ja-valga-priimetsa-kooli-puhastusteenindajad-alustasid-erialaopinguid\/","og_locale":"ru_RU","og_type":"article","og_title":"Valga P\u00f5hikooli ja Valga Priimetsa kooli puhastusteenindajad alustasid eriala\u00f5pinguid! - \u0412\u0430\u043b\u0433\u0430\u0441\u043a\u0430\u044f \u0448\u043a\u043e\u043b\u0430 \u041f\u0440\u0438\u0439\u043c\u0435\u0442\u0441\u0430","og_url":"https:\/\/vpmk.edu.ee\/info\/valga-pohikooli-ja-valga-priimetsa-kooli-puhastusteenindajad-alustasid-erialaopinguid\/","og_site_name":"\u0412\u0430\u043b\u0433\u0430\u0441\u043a\u0430\u044f \u0448\u043a\u043e\u043b\u0430 \u041f\u0440\u0438\u0439\u043c\u0435\u0442\u0441\u0430","article_published_time":"2025-09-11T10:47:00+00:00","og_image":[{"url":"http:\/\/vpmk.edu.ee\/wp-content\/uploads\/2025\/09\/IMG_1885-1024x768.jpg","type":"","width":"","height":""}],"author":"Administraator","twitter_card":"summary_large_image","twitter_misc":{"\u041d\u0430\u043f\u0438\u0441\u0430\u043d\u043e \u0430\u0432\u0442\u043e\u0440\u043e\u043c":"Administraator","\u041f\u0440\u0438\u043c\u0435\u0440\u043d\u043e\u0435 \u0432\u0440\u0435\u043c\u044f \u0434\u043b\u044f \u0447\u0442\u0435\u043d\u0438\u044f":"1 \u043c\u0438\u043d\u0443\u0442\u0430"},"schema":{"@context":"https:\/\/schema.org","@graph":[{"@type":"Article","@id":"https:\/\/vpmk.edu.ee\/info\/valga-pohikooli-ja-valga-priimetsa-kooli-puhastusteenindajad-alustasid-erialaopinguid\/#article","isPartOf":{"@id":"https:\/\/vpmk.edu.ee\/info\/valga-pohikooli-ja-valga-priimetsa-kooli-puhastusteenindajad-alustasid-erialaopinguid\/"},"author":{"name":"Administraator","@id":"http:\/\/vpmk.edu.ee\/#\/schema\/person\/a15464c59434b4c3a472c03536668c48"},"headline":"Valga P\u00f5hikooli ja Valga Priimetsa kooli puhastusteenindajad alustasid eriala\u00f5pinguid!","datePublished":"2025-09-11T10:47:00+00:00","mainEntityOfPage":{"@id":"https:\/\/vpmk.edu.ee\/info\/valga-pohikooli-ja-valga-priimetsa-kooli-puhastusteenindajad-alustasid-erialaopinguid\/"},"wordCount":86,"publisher":{"@id":"http:\/\/vpmk.edu.ee\/#organization"},"image":{"@id":"https:\/\/vpmk.edu.ee\/info\/valga-pohikooli-ja-valga-priimetsa-kooli-puhastusteenindajad-alustasid-erialaopinguid\/#primaryimage"},"thumbnailUrl":"http:\/\/vpmk.edu.ee\/wp-content\/uploads\/2025\/09\/IMG_1885-1024x768.jpg","articleSection":["Info"],"inLanguage":"ru-RU"},{"@type":"WebPage","@id":"https:\/\/vpmk.edu.ee\/info\/valga-pohikooli-ja-valga-priimetsa-kooli-puhastusteenindajad-alustasid-erialaopinguid\/","url":"https:\/\/vpmk.edu.ee\/info\/valga-pohikooli-ja-valga-priimetsa-kooli-puhastusteenindajad-alustasid-erialaopinguid\/","name":"Valga P\u00f5hikooli ja Valga Priimetsa kooli puhastusteenindajad alustasid eriala\u00f5pinguid! - \u0412\u0430\u043b\u0433\u0430\u0441\u043a\u0430\u044f \u0448\u043a\u043e\u043b\u0430 \u041f\u0440\u0438\u0439\u043c\u0435\u0442\u0441\u0430","isPartOf":{"@id":"http:\/\/vpmk.edu.ee\/#website"},"primaryImageOfPage":{"@id":"https:\/\/vpmk.edu.ee\/info\/valga-pohikooli-ja-valga-priimetsa-kooli-puhastusteenindajad-alustasid-erialaopinguid\/#primaryimage"},"image":{"@id":"https:\/\/vpmk.edu.ee\/info\/valga-pohikooli-ja-valga-priimetsa-kooli-puhastusteenindajad-alustasid-erialaopinguid\/#primaryimage"},"thumbnailUrl":"http:\/\/vpmk.edu.ee\/wp-content\/uploads\/2025\/09\/IMG_1885-1024x768.jpg","datePublished":"2025-09-11T10:47:00+00:00","breadcrumb":{"@id":"https:\/\/vpmk.edu.ee\/info\/valga-pohikooli-ja-valga-priimetsa-kooli-puhastusteenindajad-alustasid-erialaopinguid\/#breadcrumb"},"inLanguage":"ru-RU","potentialAction":[{"@type":"ReadAction","target":["https:\/\/vpmk.edu.ee\/info\/valga-pohikooli-ja-valga-priimetsa-kooli-puhastusteenindajad-alustasid-erialaopinguid\/"]}]},{"@type":"ImageObject","inLanguage":"ru-RU","@id":"https:\/\/vpmk.edu.ee\/info\/valga-pohikooli-ja-valga-priimetsa-kooli-puhastusteenindajad-alustasid-erialaopinguid\/#primaryimage","url":"http:\/\/vpmk.edu.ee\/wp-content\/uploads\/2025\/09\/IMG_1885-1024x768.jpg","contentUrl":"http:\/\/vpmk.edu.ee\/wp-content\/uploads\/2025\/09\/IMG_1885-1024x768.jpg"},{"@type":"BreadcrumbList","@id":"https:\/\/vpmk.edu.ee\/info\/valga-pohikooli-ja-valga-priimetsa-kooli-puhastusteenindajad-alustasid-erialaopinguid\/#breadcrumb","itemListElement":[{"@type":"ListItem","position":1,"name":"Home","item":"http:\/\/vpmk.edu.ee\/"},{"@type":"ListItem","position":2,"name":"Valga P\u00f5hikooli ja Valga Priimetsa kooli puhastusteenindajad alustasid eriala\u00f5pinguid!"}]},{"@type":"WebSite","@id":"http:\/\/vpmk.edu.ee\/#website","url":"http:\/\/vpmk.edu.ee\/","name":"\u0412\u0430\u043b\u0433\u0430\u0441\u043a\u0430\u044f \u0448\u043a\u043e\u043b\u0430 \u041f\u0440\u0438\u0439\u043c\u0435\u0442\u0441\u0430","description":"","publisher":{"@id":"http:\/\/vpmk.edu.ee\/#organization"},"potentialAction":[{"@type":"SearchAction","target":{"@type":"EntryPoint","urlTemplate":"http:\/\/vpmk.edu.ee\/?s={search_term_string}"},"query-input":{"@type":"PropertyValueSpecification","valueRequired":true,"valueName":"search_term_string"}}],"inLanguage":"ru-RU"},{"@type":"Organization","@id":"http:\/\/vpmk.edu.ee\/#organization","name":"\u0412\u0430\u043b\u0433\u0430\u0441\u043a\u0430\u044f \u0448\u043a\u043e\u043b\u0430 \u041f\u0440\u0438\u0439\u043c\u0435\u0442\u0441\u0430","url":"http:\/\/vpmk.edu.ee\/","logo":{"@type":"ImageObject","inLanguage":"ru-RU","@id":"http:\/\/vpmk.edu.ee\/#\/schema\/logo\/image\/","url":"https:\/\/vpmk.edu.ee\/wp-content\/uploads\/2023\/02\/cropped-cropped-Valga-Priimetsa-Kool-\u2013-logoks-1.png","contentUrl":"https:\/\/vpmk.edu.ee\/wp-content\/uploads\/2023\/02\/cropped-cropped-Valga-Priimetsa-Kool-\u2013-logoks-1.png","width":2058,"height":1615,"caption":"\u0412\u0430\u043b\u0433\u0430\u0441\u043a\u0430\u044f \u0448\u043a\u043e\u043b\u0430 \u041f\u0440\u0438\u0439\u043c\u0435\u0442\u0441\u0430"},"image":{"@id":"http:\/\/vpmk.edu.ee\/#\/schema\/logo\/image\/"}},{"@type":"Person","@id":"http:\/\/vpmk.edu.ee\/#\/schema\/person\/a15464c59434b4c3a472c03536668c48","name":"Administraator","image":{"@type":"ImageObject","inLanguage":"ru-RU","@id":"http:\/\/vpmk.edu.ee\/#\/schema\/person\/image\/","url":"https:\/\/secure.gravatar.com\/avatar\/69202627f44ec0bafe37ae648c36be246247edc0f98a094bbc76298a4a172013?s=96&d=mm&r=g","contentUrl":"https:\/\/secure.gravatar.com\/avatar\/69202627f44ec0bafe37ae648c36be246247edc0f98a094bbc76298a4a172013?s=96&d=mm&r=g","caption":"Administraator"},"url":"https:\/\/vpmk.edu.ee\/ru\/author\/rait\/"}]}},"_links":{"self":[{"href":"https:\/\/vpmk.edu.ee\/ru\/wp-json\/wp\/v2\/posts\/12194","targetHints":{"allow":["GET"]}}],"collection":[{"href":"https:\/\/vpmk.edu.ee\/ru\/wp-json\/wp\/v2\/posts"}],"about":[{"href":"https:\/\/vpmk.edu.ee\/ru\/wp-json\/wp\/v2\/types\/post"}],"author":[{"embeddable":true,"href":"https:\/\/vpmk.edu.ee\/ru\/wp-json\/wp\/v2\/users\/3"}],"replies":[{"embeddable":true,"href":"https:\/\/vpmk.edu.ee\/ru\/wp-json\/wp\/v2\/comments?post=12194"}],"version-history":[{"count":1,"href":"https:\/\/vpmk.edu.ee\/ru\/wp-json\/wp\/v2\/posts\/12194\/revisions"}],"predecessor-version":[{"id":12196,"href":"https:\/\/vpmk.edu.ee\/ru\/wp-json\/wp\/v2\/posts\/12194\/revisions\/12196"}],"wp:attachment":[{"href":"https:\/\/vpmk.edu.ee\/ru\/wp-json\/wp\/v2\/media?parent=12194"}],"wp:term":[{"taxonomy":"category","embeddable":true,"href":"https:\/\/vpmk.edu.ee\/ru\/wp-json\/wp\/v2\/categories?post=12194"},{"taxonomy":"post_tag","embeddable":true,"href":"https:\/\/vpmk.edu.ee\/ru\/wp-json\/wp\/v2\/tags?post=12194"}],"curies":[{"name":"wp","href":"https:\/\/api.w.org\/{rel}","templated":true}]}}