{"id":12092,"date":"2025-05-20T10:44:50","date_gmt":"2025-05-20T08:44:50","guid":{"rendered":"https:\/\/vpmk.edu.ee\/?p=12092"},"modified":"2025-05-20T10:44:50","modified_gmt":"2025-05-20T08:44:50","slug":"valga-valka-piirilaada-noortelaat-toi-kokku-70-firmat-eestist-ja-latist","status":"publish","type":"post","link":"https:\/\/vpmk.edu.ee\/ru\/uritused\/valga-valka-piirilaada-noortelaat-toi-kokku-70-firmat-eestist-ja-latist\/","title":{"rendered":"Valga-Valka piirilaada noortelaat t\u00f5i kokku 70 firmat Eestist ja L\u00e4tist!"},"content":{"rendered":"<p>Laup\u00e4eval, 17. mail t\u00e4itus Valga-Valka piirilinn noorte ettev\u00f5tjatega. Toimus traditsiooniline noortelaat, kus oma toodete ja teenustega kauples 70 LEEN-projektis (L\u00f5una-Eesti ettev\u00f5tlikud noored) osalevat firmat ning L\u00e4ti \u00f5pilasfirmat.<\/p>\n<p>Noortelaada raames toimus ka Valga-Valka piirilaada laadav\u00f5istlus, kus \u017e\u00fcrii valis kolmes vanusegrupis v\u00e4lja parima m\u00fc\u00fcgit\u00f6\u00f6 tegija, parima toote ja silmapaistvaima m\u00fc\u00fcgileti. Valga Priimetsa Kool osales esmakordselt-ja kohe v\u00e4ga edukalt! Meie tublid \u00f5ilased saavutasid 2. ja 3. koha, n\u00e4idates suurep\u00e4rast tahet, ettev\u00f5tlikkust ja meeskonnat\u00f6\u00f6d.<\/p>\n<p>T\u00e4nu v\u00e4\u00e4rivad k\u00f5ik osalenud \u00f5pilased, nende juhendajad ning korraldajad, kes pakkusid sisukat ja inspireerivat kogemust. Sellised ettev\u00f5tmised annavad lastele enesekindlust, ettev\u00f5tlikkust, ning r\u00f5hutavad, kui oluline on koost\u00f6\u00f6 meeskonnas.<br \/>\nValga Priimetsa Kool on oma noorte \u00fcle v\u00e4ga uhke! Ait\u00e4h Teile kallid lapsed, nii suurep\u00e4rase tulemuste eest!<\/p>\n<p><a href=\"https:\/\/photos.app.goo.gl\/ovxNYaBfnFqHQVVT7\">Fotod<\/a><\/p>\n","protected":false},"excerpt":{"rendered":"<p>Laup\u00e4eval, 17. mail t\u00e4itus Valga-Valka piirilinn noorte ettev\u00f5tjatega. Toimus traditsiooniline noortelaat, kus oma toodete ja teenustega kauples 70 LEEN-projektis (L\u00f5una-Eesti ettev\u00f5tlikud noored) osalevat firmat ning L\u00e4ti \u00f5pilasfirmat. Noortelaada raames toimus ka Valga-Valka piirilaada laadav\u00f5istlus, kus \u017e\u00fcrii valis kolmes vanusegrupis v\u00e4lja parima m\u00fc\u00fcgit\u00f6\u00f6 tegija, parima toote ja silmapaistvaima m\u00fc\u00fcgileti. Valga Priimetsa Kool osales esmakordselt-ja kohe v\u00e4ga &#8230; <a href=\"https:\/\/vpmk.edu.ee\/ru\/uritused\/valga-valka-piirilaada-noortelaat-toi-kokku-70-firmat-eestist-ja-latist\/\" class=\"more-link\">Loe edasi<span class=\"screen-reader-text\"> &#171;Valga-Valka piirilaada noortelaat t\u00f5i kokku 70 firmat Eestist ja L\u00e4tist!&#187;<\/span> &raquo;<\/a><\/p>\n","protected":false},"author":3,"featured_media":0,"comment_status":"closed","ping_status":"open","sticky":false,"template":"","format":"standard","meta":{"footnotes":""},"categories":[28],"tags":[],"class_list":["post-12092","post","type-post","status-publish","format-standard","hentry","category-uritused"],"translation":{"provider":"WPGlobus","version":"3.0.1","language":"ru","enabled_languages":["ee","ru"],"languages":{"ee":{"title":true,"content":true,"excerpt":false},"ru":{"title":false,"content":false,"excerpt":false}}},"yoast_head":"<!-- This site is optimized with the Yoast SEO plugin v26.7 - https:\/\/yoast.com\/wordpress\/plugins\/seo\/ -->\n<title>Valga-Valka piirilaada noortelaat t\u00f5i kokku 70 firmat Eestist ja L\u00e4tist! - \u0412\u0430\u043b\u0433\u0430\u0441\u043a\u0430\u044f \u0448\u043a\u043e\u043b\u0430 \u041f\u0440\u0438\u0439\u043c\u0435\u0442\u0441\u0430<\/title>\n<meta name=\"robots\" content=\"index, follow, max-snippet:-1, max-image-preview:large, max-video-preview:-1\" \/>\n<link rel=\"canonical\" href=\"https:\/\/vpmk.edu.ee\/uritused\/valga-valka-piirilaada-noortelaat-toi-kokku-70-firmat-eestist-ja-latist\/\" \/>\n<meta property=\"og:locale\" content=\"ru_RU\" \/>\n<meta property=\"og:type\" content=\"article\" \/>\n<meta property=\"og:title\" content=\"Valga-Valka piirilaada noortelaat t\u00f5i kokku 70 firmat Eestist ja L\u00e4tist! - \u0412\u0430\u043b\u0433\u0430\u0441\u043a\u0430\u044f \u0448\u043a\u043e\u043b\u0430 \u041f\u0440\u0438\u0439\u043c\u0435\u0442\u0441\u0430\" \/>\n<meta property=\"og:url\" content=\"https:\/\/vpmk.edu.ee\/uritused\/valga-valka-piirilaada-noortelaat-toi-kokku-70-firmat-eestist-ja-latist\/\" \/>\n<meta property=\"og:site_name\" content=\"\u0412\u0430\u043b\u0433\u0430\u0441\u043a\u0430\u044f \u0448\u043a\u043e\u043b\u0430 \u041f\u0440\u0438\u0439\u043c\u0435\u0442\u0441\u0430\" \/>\n<meta property=\"article:published_time\" content=\"2025-05-20T08:44:50+00:00\" \/>\n<meta property=\"og:image\" content=\"https:\/\/vpmk.edu.ee\/wp-content\/uploads\/2023\/02\/Valga-Priimetsa-Kool-\u2013-logoks-3.png\" \/>\n\t<meta property=\"og:image:width\" content=\"3044\" \/>\n\t<meta property=\"og:image:height\" content=\"2776\" \/>\n\t<meta property=\"og:image:type\" content=\"image\/png\" \/>\n<meta name=\"author\" content=\"Administraator\" \/>\n<meta name=\"twitter:card\" content=\"summary_large_image\" \/>\n<meta name=\"twitter:label1\" content=\"\u041d\u0430\u043f\u0438\u0441\u0430\u043d\u043e \u0430\u0432\u0442\u043e\u0440\u043e\u043c\" \/>\n\t<meta name=\"twitter:data1\" content=\"Administraator\" \/>\n\t<meta name=\"twitter:label2\" content=\"\u041f\u0440\u0438\u043c\u0435\u0440\u043d\u043e\u0435 \u0432\u0440\u0435\u043c\u044f \u0434\u043b\u044f \u0447\u0442\u0435\u043d\u0438\u044f\" \/>\n\t<meta name=\"twitter:data2\" content=\"1 \u043c\u0438\u043d\u0443\u0442\u0430\" \/>\n<script type=\"application\/ld+json\" class=\"yoast-schema-graph\">{\"@context\":\"https:\/\/schema.org\",\"@graph\":[{\"@type\":\"Article\",\"@id\":\"https:\/\/vpmk.edu.ee\/uritused\/valga-valka-piirilaada-noortelaat-toi-kokku-70-firmat-eestist-ja-latist\/#article\",\"isPartOf\":{\"@id\":\"https:\/\/vpmk.edu.ee\/uritused\/valga-valka-piirilaada-noortelaat-toi-kokku-70-firmat-eestist-ja-latist\/\"},\"author\":{\"name\":\"Administraator\",\"@id\":\"http:\/\/vpmk.edu.ee\/#\/schema\/person\/a15464c59434b4c3a472c03536668c48\"},\"headline\":\"Valga-Valka piirilaada noortelaat t\u00f5i kokku 70 firmat Eestist ja L\u00e4tist!\",\"datePublished\":\"2025-05-20T08:44:50+00:00\",\"mainEntityOfPage\":{\"@id\":\"https:\/\/vpmk.edu.ee\/uritused\/valga-valka-piirilaada-noortelaat-toi-kokku-70-firmat-eestist-ja-latist\/\"},\"wordCount\":147,\"publisher\":{\"@id\":\"http:\/\/vpmk.edu.ee\/#organization\"},\"articleSection\":[\"\u00dcritused\"],\"inLanguage\":\"ru-RU\"},{\"@type\":\"WebPage\",\"@id\":\"https:\/\/vpmk.edu.ee\/uritused\/valga-valka-piirilaada-noortelaat-toi-kokku-70-firmat-eestist-ja-latist\/\",\"url\":\"https:\/\/vpmk.edu.ee\/uritused\/valga-valka-piirilaada-noortelaat-toi-kokku-70-firmat-eestist-ja-latist\/\",\"name\":\"Valga-Valka piirilaada noortelaat t\u00f5i kokku 70 firmat Eestist ja L\u00e4tist! - \u0412\u0430\u043b\u0433\u0430\u0441\u043a\u0430\u044f \u0448\u043a\u043e\u043b\u0430 \u041f\u0440\u0438\u0439\u043c\u0435\u0442\u0441\u0430\",\"isPartOf\":{\"@id\":\"http:\/\/vpmk.edu.ee\/#website\"},\"datePublished\":\"2025-05-20T08:44:50+00:00\",\"breadcrumb\":{\"@id\":\"https:\/\/vpmk.edu.ee\/uritused\/valga-valka-piirilaada-noortelaat-toi-kokku-70-firmat-eestist-ja-latist\/#breadcrumb\"},\"inLanguage\":\"ru-RU\",\"potentialAction\":[{\"@type\":\"ReadAction\",\"target\":[\"https:\/\/vpmk.edu.ee\/uritused\/valga-valka-piirilaada-noortelaat-toi-kokku-70-firmat-eestist-ja-latist\/\"]}]},{\"@type\":\"BreadcrumbList\",\"@id\":\"https:\/\/vpmk.edu.ee\/uritused\/valga-valka-piirilaada-noortelaat-toi-kokku-70-firmat-eestist-ja-latist\/#breadcrumb\",\"itemListElement\":[{\"@type\":\"ListItem\",\"position\":1,\"name\":\"Home\",\"item\":\"http:\/\/vpmk.edu.ee\/\"},{\"@type\":\"ListItem\",\"position\":2,\"name\":\"Valga-Valka piirilaada noortelaat t\u00f5i kokku 70 firmat Eestist ja L\u00e4tist!\"}]},{\"@type\":\"WebSite\",\"@id\":\"http:\/\/vpmk.edu.ee\/#website\",\"url\":\"http:\/\/vpmk.edu.ee\/\",\"name\":\"\u0412\u0430\u043b\u0433\u0430\u0441\u043a\u0430\u044f \u0448\u043a\u043e\u043b\u0430 \u041f\u0440\u0438\u0439\u043c\u0435\u0442\u0441\u0430\",\"description\":\"\",\"publisher\":{\"@id\":\"http:\/\/vpmk.edu.ee\/#organization\"},\"potentialAction\":[{\"@type\":\"SearchAction\",\"target\":{\"@type\":\"EntryPoint\",\"urlTemplate\":\"http:\/\/vpmk.edu.ee\/?s={search_term_string}\"},\"query-input\":{\"@type\":\"PropertyValueSpecification\",\"valueRequired\":true,\"valueName\":\"search_term_string\"}}],\"inLanguage\":\"ru-RU\"},{\"@type\":\"Organization\",\"@id\":\"http:\/\/vpmk.edu.ee\/#organization\",\"name\":\"\u0412\u0430\u043b\u0433\u0430\u0441\u043a\u0430\u044f \u0448\u043a\u043e\u043b\u0430 \u041f\u0440\u0438\u0439\u043c\u0435\u0442\u0441\u0430\",\"url\":\"http:\/\/vpmk.edu.ee\/\",\"logo\":{\"@type\":\"ImageObject\",\"inLanguage\":\"ru-RU\",\"@id\":\"http:\/\/vpmk.edu.ee\/#\/schema\/logo\/image\/\",\"url\":\"https:\/\/vpmk.edu.ee\/wp-content\/uploads\/2023\/02\/cropped-cropped-Valga-Priimetsa-Kool-\u2013-logoks-1.png\",\"contentUrl\":\"https:\/\/vpmk.edu.ee\/wp-content\/uploads\/2023\/02\/cropped-cropped-Valga-Priimetsa-Kool-\u2013-logoks-1.png\",\"width\":2058,\"height\":1615,\"caption\":\"\u0412\u0430\u043b\u0433\u0430\u0441\u043a\u0430\u044f \u0448\u043a\u043e\u043b\u0430 \u041f\u0440\u0438\u0439\u043c\u0435\u0442\u0441\u0430\"},\"image\":{\"@id\":\"http:\/\/vpmk.edu.ee\/#\/schema\/logo\/image\/\"}},{\"@type\":\"Person\",\"@id\":\"http:\/\/vpmk.edu.ee\/#\/schema\/person\/a15464c59434b4c3a472c03536668c48\",\"name\":\"Administraator\",\"image\":{\"@type\":\"ImageObject\",\"inLanguage\":\"ru-RU\",\"@id\":\"http:\/\/vpmk.edu.ee\/#\/schema\/person\/image\/\",\"url\":\"https:\/\/secure.gravatar.com\/avatar\/69202627f44ec0bafe37ae648c36be246247edc0f98a094bbc76298a4a172013?s=96&d=mm&r=g\",\"contentUrl\":\"https:\/\/secure.gravatar.com\/avatar\/69202627f44ec0bafe37ae648c36be246247edc0f98a094bbc76298a4a172013?s=96&d=mm&r=g\",\"caption\":\"Administraator\"},\"url\":\"https:\/\/vpmk.edu.ee\/ru\/author\/rait\/\"}]}<\/script>\n<!-- \/ Yoast SEO plugin. -->","yoast_head_json":{"title":"Valga-Valka piirilaada noortelaat t\u00f5i kokku 70 firmat Eestist ja L\u00e4tist! - \u0412\u0430\u043b\u0433\u0430\u0441\u043a\u0430\u044f \u0448\u043a\u043e\u043b\u0430 \u041f\u0440\u0438\u0439\u043c\u0435\u0442\u0441\u0430","robots":{"index":"index","follow":"follow","max-snippet":"max-snippet:-1","max-image-preview":"max-image-preview:large","max-video-preview":"max-video-preview:-1"},"canonical":"https:\/\/vpmk.edu.ee\/uritused\/valga-valka-piirilaada-noortelaat-toi-kokku-70-firmat-eestist-ja-latist\/","og_locale":"ru_RU","og_type":"article","og_title":"Valga-Valka piirilaada noortelaat t\u00f5i kokku 70 firmat Eestist ja L\u00e4tist! - \u0412\u0430\u043b\u0433\u0430\u0441\u043a\u0430\u044f \u0448\u043a\u043e\u043b\u0430 \u041f\u0440\u0438\u0439\u043c\u0435\u0442\u0441\u0430","og_url":"https:\/\/vpmk.edu.ee\/uritused\/valga-valka-piirilaada-noortelaat-toi-kokku-70-firmat-eestist-ja-latist\/","og_site_name":"\u0412\u0430\u043b\u0433\u0430\u0441\u043a\u0430\u044f \u0448\u043a\u043e\u043b\u0430 \u041f\u0440\u0438\u0439\u043c\u0435\u0442\u0441\u0430","article_published_time":"2025-05-20T08:44:50+00:00","og_image":[{"width":3044,"height":2776,"url":"https:\/\/vpmk.edu.ee\/wp-content\/uploads\/2023\/02\/Valga-Priimetsa-Kool-\u2013-logoks-3.png","type":"image\/png"}],"author":"Administraator","twitter_card":"summary_large_image","twitter_misc":{"\u041d\u0430\u043f\u0438\u0441\u0430\u043d\u043e \u0430\u0432\u0442\u043e\u0440\u043e\u043c":"Administraator","\u041f\u0440\u0438\u043c\u0435\u0440\u043d\u043e\u0435 \u0432\u0440\u0435\u043c\u044f \u0434\u043b\u044f \u0447\u0442\u0435\u043d\u0438\u044f":"1 \u043c\u0438\u043d\u0443\u0442\u0430"},"schema":{"@context":"https:\/\/schema.org","@graph":[{"@type":"Article","@id":"https:\/\/vpmk.edu.ee\/uritused\/valga-valka-piirilaada-noortelaat-toi-kokku-70-firmat-eestist-ja-latist\/#article","isPartOf":{"@id":"https:\/\/vpmk.edu.ee\/uritused\/valga-valka-piirilaada-noortelaat-toi-kokku-70-firmat-eestist-ja-latist\/"},"author":{"name":"Administraator","@id":"http:\/\/vpmk.edu.ee\/#\/schema\/person\/a15464c59434b4c3a472c03536668c48"},"headline":"Valga-Valka piirilaada noortelaat t\u00f5i kokku 70 firmat Eestist ja L\u00e4tist!","datePublished":"2025-05-20T08:44:50+00:00","mainEntityOfPage":{"@id":"https:\/\/vpmk.edu.ee\/uritused\/valga-valka-piirilaada-noortelaat-toi-kokku-70-firmat-eestist-ja-latist\/"},"wordCount":147,"publisher":{"@id":"http:\/\/vpmk.edu.ee\/#organization"},"articleSection":["\u00dcritused"],"inLanguage":"ru-RU"},{"@type":"WebPage","@id":"https:\/\/vpmk.edu.ee\/uritused\/valga-valka-piirilaada-noortelaat-toi-kokku-70-firmat-eestist-ja-latist\/","url":"https:\/\/vpmk.edu.ee\/uritused\/valga-valka-piirilaada-noortelaat-toi-kokku-70-firmat-eestist-ja-latist\/","name":"Valga-Valka piirilaada noortelaat t\u00f5i kokku 70 firmat Eestist ja L\u00e4tist! - \u0412\u0430\u043b\u0433\u0430\u0441\u043a\u0430\u044f \u0448\u043a\u043e\u043b\u0430 \u041f\u0440\u0438\u0439\u043c\u0435\u0442\u0441\u0430","isPartOf":{"@id":"http:\/\/vpmk.edu.ee\/#website"},"datePublished":"2025-05-20T08:44:50+00:00","breadcrumb":{"@id":"https:\/\/vpmk.edu.ee\/uritused\/valga-valka-piirilaada-noortelaat-toi-kokku-70-firmat-eestist-ja-latist\/#breadcrumb"},"inLanguage":"ru-RU","potentialAction":[{"@type":"ReadAction","target":["https:\/\/vpmk.edu.ee\/uritused\/valga-valka-piirilaada-noortelaat-toi-kokku-70-firmat-eestist-ja-latist\/"]}]},{"@type":"BreadcrumbList","@id":"https:\/\/vpmk.edu.ee\/uritused\/valga-valka-piirilaada-noortelaat-toi-kokku-70-firmat-eestist-ja-latist\/#breadcrumb","itemListElement":[{"@type":"ListItem","position":1,"name":"Home","item":"http:\/\/vpmk.edu.ee\/"},{"@type":"ListItem","position":2,"name":"Valga-Valka piirilaada noortelaat t\u00f5i kokku 70 firmat Eestist ja L\u00e4tist!"}]},{"@type":"WebSite","@id":"http:\/\/vpmk.edu.ee\/#website","url":"http:\/\/vpmk.edu.ee\/","name":"\u0412\u0430\u043b\u0433\u0430\u0441\u043a\u0430\u044f \u0448\u043a\u043e\u043b\u0430 \u041f\u0440\u0438\u0439\u043c\u0435\u0442\u0441\u0430","description":"","publisher":{"@id":"http:\/\/vpmk.edu.ee\/#organization"},"potentialAction":[{"@type":"SearchAction","target":{"@type":"EntryPoint","urlTemplate":"http:\/\/vpmk.edu.ee\/?s={search_term_string}"},"query-input":{"@type":"PropertyValueSpecification","valueRequired":true,"valueName":"search_term_string"}}],"inLanguage":"ru-RU"},{"@type":"Organization","@id":"http:\/\/vpmk.edu.ee\/#organization","name":"\u0412\u0430\u043b\u0433\u0430\u0441\u043a\u0430\u044f \u0448\u043a\u043e\u043b\u0430 \u041f\u0440\u0438\u0439\u043c\u0435\u0442\u0441\u0430","url":"http:\/\/vpmk.edu.ee\/","logo":{"@type":"ImageObject","inLanguage":"ru-RU","@id":"http:\/\/vpmk.edu.ee\/#\/schema\/logo\/image\/","url":"https:\/\/vpmk.edu.ee\/wp-content\/uploads\/2023\/02\/cropped-cropped-Valga-Priimetsa-Kool-\u2013-logoks-1.png","contentUrl":"https:\/\/vpmk.edu.ee\/wp-content\/uploads\/2023\/02\/cropped-cropped-Valga-Priimetsa-Kool-\u2013-logoks-1.png","width":2058,"height":1615,"caption":"\u0412\u0430\u043b\u0433\u0430\u0441\u043a\u0430\u044f \u0448\u043a\u043e\u043b\u0430 \u041f\u0440\u0438\u0439\u043c\u0435\u0442\u0441\u0430"},"image":{"@id":"http:\/\/vpmk.edu.ee\/#\/schema\/logo\/image\/"}},{"@type":"Person","@id":"http:\/\/vpmk.edu.ee\/#\/schema\/person\/a15464c59434b4c3a472c03536668c48","name":"Administraator","image":{"@type":"ImageObject","inLanguage":"ru-RU","@id":"http:\/\/vpmk.edu.ee\/#\/schema\/person\/image\/","url":"https:\/\/secure.gravatar.com\/avatar\/69202627f44ec0bafe37ae648c36be246247edc0f98a094bbc76298a4a172013?s=96&d=mm&r=g","contentUrl":"https:\/\/secure.gravatar.com\/avatar\/69202627f44ec0bafe37ae648c36be246247edc0f98a094bbc76298a4a172013?s=96&d=mm&r=g","caption":"Administraator"},"url":"https:\/\/vpmk.edu.ee\/ru\/author\/rait\/"}]}},"_links":{"self":[{"href":"https:\/\/vpmk.edu.ee\/ru\/wp-json\/wp\/v2\/posts\/12092","targetHints":{"allow":["GET"]}}],"collection":[{"href":"https:\/\/vpmk.edu.ee\/ru\/wp-json\/wp\/v2\/posts"}],"about":[{"href":"https:\/\/vpmk.edu.ee\/ru\/wp-json\/wp\/v2\/types\/post"}],"author":[{"embeddable":true,"href":"https:\/\/vpmk.edu.ee\/ru\/wp-json\/wp\/v2\/users\/3"}],"replies":[{"embeddable":true,"href":"https:\/\/vpmk.edu.ee\/ru\/wp-json\/wp\/v2\/comments?post=12092"}],"version-history":[{"count":1,"href":"https:\/\/vpmk.edu.ee\/ru\/wp-json\/wp\/v2\/posts\/12092\/revisions"}],"predecessor-version":[{"id":12093,"href":"https:\/\/vpmk.edu.ee\/ru\/wp-json\/wp\/v2\/posts\/12092\/revisions\/12093"}],"wp:attachment":[{"href":"https:\/\/vpmk.edu.ee\/ru\/wp-json\/wp\/v2\/media?parent=12092"}],"wp:term":[{"taxonomy":"category","embeddable":true,"href":"https:\/\/vpmk.edu.ee\/ru\/wp-json\/wp\/v2\/categories?post=12092"},{"taxonomy":"post_tag","embeddable":true,"href":"https:\/\/vpmk.edu.ee\/ru\/wp-json\/wp\/v2\/tags?post=12092"}],"curies":[{"name":"wp","href":"https:\/\/api.w.org\/{rel}","templated":true}]}}