{"id":12086,"date":"2025-05-15T10:49:24","date_gmt":"2025-05-15T08:49:24","guid":{"rendered":"https:\/\/vpmk.edu.ee\/?p=12086"},"modified":"2025-05-15T10:49:24","modified_gmt":"2025-05-15T08:49:24","slug":"eelkooli-lopetamine-valga-priimetsa-koolis-roomus-samm-edasi","status":"publish","type":"post","link":"https:\/\/vpmk.edu.ee\/ru\/uritused\/eelkooli-lopetamine-valga-priimetsa-koolis-roomus-samm-edasi\/","title":{"rendered":"Eelkooli l\u00f5petamine Valga Priimetsa Koolis \u2013 r\u00f5\u00f5mus samm edasi!"},"content":{"rendered":"\n<p>14.mail t\u00e4histasime Valga Priimetsa Koolis meie eelkooli laste olulist teet\u00e4hist \u2013 eelkooli pidulikku l\u00f5petamist. Laste silmad s\u00e4rasid uhkusest \u2013 eelkool on edukalt l\u00e4bitud ning ees ootab suur ja p\u00f5nev koolitee.<\/p>\n\n\n\n<p>T\u00e4name s\u00fcdamest meie \u00f5petajaid, kes lapsi kogu aja jooksul juhendasid ja toetasid, ning vanemaid, kes olid toeks igas tegemises.<\/p>\n\n\n\n<p>Soovime k\u00f5ikidele l\u00f5petajatele toredat ja turvalist suve ning kohtumiseni 1. klassis!<\/p>\n\n\n\n<p><a href=\"https:\/\/photos.app.goo.gl\/8yDXxfyuWn3DM2bi8\">Fotod<\/a><\/p>\n","protected":false},"excerpt":{"rendered":"<p>14.mail t\u00e4histasime Valga Priimetsa Koolis meie eelkooli laste olulist teet\u00e4hist \u2013 eelkooli pidulikku l\u00f5petamist. Laste silmad s\u00e4rasid uhkusest \u2013 eelkool on edukalt l\u00e4bitud ning ees ootab suur ja p\u00f5nev koolitee. T\u00e4name s\u00fcdamest meie \u00f5petajaid, kes lapsi kogu aja jooksul juhendasid ja toetasid, ning vanemaid, kes olid toeks igas tegemises. Soovime k\u00f5ikidele l\u00f5petajatele toredat ja turvalist &#8230; <a href=\"https:\/\/vpmk.edu.ee\/ru\/uritused\/eelkooli-lopetamine-valga-priimetsa-koolis-roomus-samm-edasi\/\" class=\"more-link\">Loe edasi<span class=\"screen-reader-text\"> &#171;Eelkooli l\u00f5petamine Valga Priimetsa Koolis \u2013 r\u00f5\u00f5mus samm edasi!&#187;<\/span> &raquo;<\/a><\/p>\n","protected":false},"author":3,"featured_media":0,"comment_status":"closed","ping_status":"open","sticky":false,"template":"","format":"standard","meta":{"footnotes":""},"categories":[28],"tags":[],"class_list":["post-12086","post","type-post","status-publish","format-standard","hentry","category-uritused"],"translation":{"provider":"WPGlobus","version":"3.0.1","language":"ru","enabled_languages":["ee","ru"],"languages":{"ee":{"title":true,"content":true,"excerpt":false},"ru":{"title":false,"content":false,"excerpt":false}}},"yoast_head":"<!-- This site is optimized with the Yoast SEO plugin v26.7 - https:\/\/yoast.com\/wordpress\/plugins\/seo\/ -->\n<title>Eelkooli l\u00f5petamine Valga Priimetsa Koolis \u2013 r\u00f5\u00f5mus samm edasi! - \u0412\u0430\u043b\u0433\u0430\u0441\u043a\u0430\u044f \u0448\u043a\u043e\u043b\u0430 \u041f\u0440\u0438\u0439\u043c\u0435\u0442\u0441\u0430<\/title>\n<meta name=\"robots\" content=\"index, follow, max-snippet:-1, max-image-preview:large, max-video-preview:-1\" \/>\n<link rel=\"canonical\" href=\"https:\/\/vpmk.edu.ee\/uritused\/eelkooli-lopetamine-valga-priimetsa-koolis-roomus-samm-edasi\/\" \/>\n<meta property=\"og:locale\" content=\"ru_RU\" \/>\n<meta property=\"og:type\" content=\"article\" \/>\n<meta property=\"og:title\" content=\"Eelkooli l\u00f5petamine Valga Priimetsa Koolis \u2013 r\u00f5\u00f5mus samm edasi! - \u0412\u0430\u043b\u0433\u0430\u0441\u043a\u0430\u044f \u0448\u043a\u043e\u043b\u0430 \u041f\u0440\u0438\u0439\u043c\u0435\u0442\u0441\u0430\" \/>\n<meta property=\"og:url\" content=\"https:\/\/vpmk.edu.ee\/uritused\/eelkooli-lopetamine-valga-priimetsa-koolis-roomus-samm-edasi\/\" \/>\n<meta property=\"og:site_name\" content=\"\u0412\u0430\u043b\u0433\u0430\u0441\u043a\u0430\u044f \u0448\u043a\u043e\u043b\u0430 \u041f\u0440\u0438\u0439\u043c\u0435\u0442\u0441\u0430\" \/>\n<meta property=\"article:published_time\" content=\"2025-05-15T08:49:24+00:00\" \/>\n<meta property=\"og:image\" content=\"https:\/\/vpmk.edu.ee\/wp-content\/uploads\/2023\/02\/Valga-Priimetsa-Kool-\u2013-logoks-3.png\" \/>\n\t<meta property=\"og:image:width\" content=\"3044\" \/>\n\t<meta property=\"og:image:height\" content=\"2776\" \/>\n\t<meta property=\"og:image:type\" content=\"image\/png\" \/>\n<meta name=\"author\" content=\"Administraator\" \/>\n<meta name=\"twitter:card\" content=\"summary_large_image\" \/>\n<meta name=\"twitter:label1\" content=\"\u041d\u0430\u043f\u0438\u0441\u0430\u043d\u043e \u0430\u0432\u0442\u043e\u0440\u043e\u043c\" \/>\n\t<meta name=\"twitter:data1\" content=\"Administraator\" \/>\n\t<meta name=\"twitter:label2\" content=\"\u041f\u0440\u0438\u043c\u0435\u0440\u043d\u043e\u0435 \u0432\u0440\u0435\u043c\u044f \u0434\u043b\u044f \u0447\u0442\u0435\u043d\u0438\u044f\" \/>\n\t<meta name=\"twitter:data2\" content=\"1 \u043c\u0438\u043d\u0443\u0442\u0430\" \/>\n<script type=\"application\/ld+json\" class=\"yoast-schema-graph\">{\"@context\":\"https:\/\/schema.org\",\"@graph\":[{\"@type\":\"Article\",\"@id\":\"https:\/\/vpmk.edu.ee\/uritused\/eelkooli-lopetamine-valga-priimetsa-koolis-roomus-samm-edasi\/#article\",\"isPartOf\":{\"@id\":\"https:\/\/vpmk.edu.ee\/uritused\/eelkooli-lopetamine-valga-priimetsa-koolis-roomus-samm-edasi\/\"},\"author\":{\"name\":\"Administraator\",\"@id\":\"http:\/\/vpmk.edu.ee\/#\/schema\/person\/a15464c59434b4c3a472c03536668c48\"},\"headline\":\"Eelkooli l\u00f5petamine Valga Priimetsa Koolis \u2013 r\u00f5\u00f5mus samm edasi!\",\"datePublished\":\"2025-05-15T08:49:24+00:00\",\"mainEntityOfPage\":{\"@id\":\"https:\/\/vpmk.edu.ee\/uritused\/eelkooli-lopetamine-valga-priimetsa-koolis-roomus-samm-edasi\/\"},\"wordCount\":78,\"publisher\":{\"@id\":\"http:\/\/vpmk.edu.ee\/#organization\"},\"articleSection\":[\"\u00dcritused\"],\"inLanguage\":\"ru-RU\"},{\"@type\":\"WebPage\",\"@id\":\"https:\/\/vpmk.edu.ee\/uritused\/eelkooli-lopetamine-valga-priimetsa-koolis-roomus-samm-edasi\/\",\"url\":\"https:\/\/vpmk.edu.ee\/uritused\/eelkooli-lopetamine-valga-priimetsa-koolis-roomus-samm-edasi\/\",\"name\":\"Eelkooli l\u00f5petamine Valga Priimetsa Koolis \u2013 r\u00f5\u00f5mus samm edasi! - \u0412\u0430\u043b\u0433\u0430\u0441\u043a\u0430\u044f \u0448\u043a\u043e\u043b\u0430 \u041f\u0440\u0438\u0439\u043c\u0435\u0442\u0441\u0430\",\"isPartOf\":{\"@id\":\"http:\/\/vpmk.edu.ee\/#website\"},\"datePublished\":\"2025-05-15T08:49:24+00:00\",\"breadcrumb\":{\"@id\":\"https:\/\/vpmk.edu.ee\/uritused\/eelkooli-lopetamine-valga-priimetsa-koolis-roomus-samm-edasi\/#breadcrumb\"},\"inLanguage\":\"ru-RU\",\"potentialAction\":[{\"@type\":\"ReadAction\",\"target\":[\"https:\/\/vpmk.edu.ee\/uritused\/eelkooli-lopetamine-valga-priimetsa-koolis-roomus-samm-edasi\/\"]}]},{\"@type\":\"BreadcrumbList\",\"@id\":\"https:\/\/vpmk.edu.ee\/uritused\/eelkooli-lopetamine-valga-priimetsa-koolis-roomus-samm-edasi\/#breadcrumb\",\"itemListElement\":[{\"@type\":\"ListItem\",\"position\":1,\"name\":\"Home\",\"item\":\"http:\/\/vpmk.edu.ee\/\"},{\"@type\":\"ListItem\",\"position\":2,\"name\":\"Eelkooli l\u00f5petamine Valga Priimetsa Koolis \u2013 r\u00f5\u00f5mus samm edasi!\"}]},{\"@type\":\"WebSite\",\"@id\":\"http:\/\/vpmk.edu.ee\/#website\",\"url\":\"http:\/\/vpmk.edu.ee\/\",\"name\":\"\u0412\u0430\u043b\u0433\u0430\u0441\u043a\u0430\u044f \u0448\u043a\u043e\u043b\u0430 \u041f\u0440\u0438\u0439\u043c\u0435\u0442\u0441\u0430\",\"description\":\"\",\"publisher\":{\"@id\":\"http:\/\/vpmk.edu.ee\/#organization\"},\"potentialAction\":[{\"@type\":\"SearchAction\",\"target\":{\"@type\":\"EntryPoint\",\"urlTemplate\":\"http:\/\/vpmk.edu.ee\/?s={search_term_string}\"},\"query-input\":{\"@type\":\"PropertyValueSpecification\",\"valueRequired\":true,\"valueName\":\"search_term_string\"}}],\"inLanguage\":\"ru-RU\"},{\"@type\":\"Organization\",\"@id\":\"http:\/\/vpmk.edu.ee\/#organization\",\"name\":\"\u0412\u0430\u043b\u0433\u0430\u0441\u043a\u0430\u044f \u0448\u043a\u043e\u043b\u0430 \u041f\u0440\u0438\u0439\u043c\u0435\u0442\u0441\u0430\",\"url\":\"http:\/\/vpmk.edu.ee\/\",\"logo\":{\"@type\":\"ImageObject\",\"inLanguage\":\"ru-RU\",\"@id\":\"http:\/\/vpmk.edu.ee\/#\/schema\/logo\/image\/\",\"url\":\"https:\/\/vpmk.edu.ee\/wp-content\/uploads\/2023\/02\/cropped-cropped-Valga-Priimetsa-Kool-\u2013-logoks-1.png\",\"contentUrl\":\"https:\/\/vpmk.edu.ee\/wp-content\/uploads\/2023\/02\/cropped-cropped-Valga-Priimetsa-Kool-\u2013-logoks-1.png\",\"width\":2058,\"height\":1615,\"caption\":\"\u0412\u0430\u043b\u0433\u0430\u0441\u043a\u0430\u044f \u0448\u043a\u043e\u043b\u0430 \u041f\u0440\u0438\u0439\u043c\u0435\u0442\u0441\u0430\"},\"image\":{\"@id\":\"http:\/\/vpmk.edu.ee\/#\/schema\/logo\/image\/\"}},{\"@type\":\"Person\",\"@id\":\"http:\/\/vpmk.edu.ee\/#\/schema\/person\/a15464c59434b4c3a472c03536668c48\",\"name\":\"Administraator\",\"image\":{\"@type\":\"ImageObject\",\"inLanguage\":\"ru-RU\",\"@id\":\"http:\/\/vpmk.edu.ee\/#\/schema\/person\/image\/\",\"url\":\"https:\/\/secure.gravatar.com\/avatar\/69202627f44ec0bafe37ae648c36be246247edc0f98a094bbc76298a4a172013?s=96&d=mm&r=g\",\"contentUrl\":\"https:\/\/secure.gravatar.com\/avatar\/69202627f44ec0bafe37ae648c36be246247edc0f98a094bbc76298a4a172013?s=96&d=mm&r=g\",\"caption\":\"Administraator\"},\"url\":\"https:\/\/vpmk.edu.ee\/ru\/author\/rait\/\"}]}<\/script>\n<!-- \/ Yoast SEO plugin. -->","yoast_head_json":{"title":"Eelkooli l\u00f5petamine Valga Priimetsa Koolis \u2013 r\u00f5\u00f5mus samm edasi! - \u0412\u0430\u043b\u0433\u0430\u0441\u043a\u0430\u044f \u0448\u043a\u043e\u043b\u0430 \u041f\u0440\u0438\u0439\u043c\u0435\u0442\u0441\u0430","robots":{"index":"index","follow":"follow","max-snippet":"max-snippet:-1","max-image-preview":"max-image-preview:large","max-video-preview":"max-video-preview:-1"},"canonical":"https:\/\/vpmk.edu.ee\/uritused\/eelkooli-lopetamine-valga-priimetsa-koolis-roomus-samm-edasi\/","og_locale":"ru_RU","og_type":"article","og_title":"Eelkooli l\u00f5petamine Valga Priimetsa Koolis \u2013 r\u00f5\u00f5mus samm edasi! - \u0412\u0430\u043b\u0433\u0430\u0441\u043a\u0430\u044f \u0448\u043a\u043e\u043b\u0430 \u041f\u0440\u0438\u0439\u043c\u0435\u0442\u0441\u0430","og_url":"https:\/\/vpmk.edu.ee\/uritused\/eelkooli-lopetamine-valga-priimetsa-koolis-roomus-samm-edasi\/","og_site_name":"\u0412\u0430\u043b\u0433\u0430\u0441\u043a\u0430\u044f \u0448\u043a\u043e\u043b\u0430 \u041f\u0440\u0438\u0439\u043c\u0435\u0442\u0441\u0430","article_published_time":"2025-05-15T08:49:24+00:00","og_image":[{"width":3044,"height":2776,"url":"https:\/\/vpmk.edu.ee\/wp-content\/uploads\/2023\/02\/Valga-Priimetsa-Kool-\u2013-logoks-3.png","type":"image\/png"}],"author":"Administraator","twitter_card":"summary_large_image","twitter_misc":{"\u041d\u0430\u043f\u0438\u0441\u0430\u043d\u043e \u0430\u0432\u0442\u043e\u0440\u043e\u043c":"Administraator","\u041f\u0440\u0438\u043c\u0435\u0440\u043d\u043e\u0435 \u0432\u0440\u0435\u043c\u044f \u0434\u043b\u044f \u0447\u0442\u0435\u043d\u0438\u044f":"1 \u043c\u0438\u043d\u0443\u0442\u0430"},"schema":{"@context":"https:\/\/schema.org","@graph":[{"@type":"Article","@id":"https:\/\/vpmk.edu.ee\/uritused\/eelkooli-lopetamine-valga-priimetsa-koolis-roomus-samm-edasi\/#article","isPartOf":{"@id":"https:\/\/vpmk.edu.ee\/uritused\/eelkooli-lopetamine-valga-priimetsa-koolis-roomus-samm-edasi\/"},"author":{"name":"Administraator","@id":"http:\/\/vpmk.edu.ee\/#\/schema\/person\/a15464c59434b4c3a472c03536668c48"},"headline":"Eelkooli l\u00f5petamine Valga Priimetsa Koolis \u2013 r\u00f5\u00f5mus samm edasi!","datePublished":"2025-05-15T08:49:24+00:00","mainEntityOfPage":{"@id":"https:\/\/vpmk.edu.ee\/uritused\/eelkooli-lopetamine-valga-priimetsa-koolis-roomus-samm-edasi\/"},"wordCount":78,"publisher":{"@id":"http:\/\/vpmk.edu.ee\/#organization"},"articleSection":["\u00dcritused"],"inLanguage":"ru-RU"},{"@type":"WebPage","@id":"https:\/\/vpmk.edu.ee\/uritused\/eelkooli-lopetamine-valga-priimetsa-koolis-roomus-samm-edasi\/","url":"https:\/\/vpmk.edu.ee\/uritused\/eelkooli-lopetamine-valga-priimetsa-koolis-roomus-samm-edasi\/","name":"Eelkooli l\u00f5petamine Valga Priimetsa Koolis \u2013 r\u00f5\u00f5mus samm edasi! - \u0412\u0430\u043b\u0433\u0430\u0441\u043a\u0430\u044f \u0448\u043a\u043e\u043b\u0430 \u041f\u0440\u0438\u0439\u043c\u0435\u0442\u0441\u0430","isPartOf":{"@id":"http:\/\/vpmk.edu.ee\/#website"},"datePublished":"2025-05-15T08:49:24+00:00","breadcrumb":{"@id":"https:\/\/vpmk.edu.ee\/uritused\/eelkooli-lopetamine-valga-priimetsa-koolis-roomus-samm-edasi\/#breadcrumb"},"inLanguage":"ru-RU","potentialAction":[{"@type":"ReadAction","target":["https:\/\/vpmk.edu.ee\/uritused\/eelkooli-lopetamine-valga-priimetsa-koolis-roomus-samm-edasi\/"]}]},{"@type":"BreadcrumbList","@id":"https:\/\/vpmk.edu.ee\/uritused\/eelkooli-lopetamine-valga-priimetsa-koolis-roomus-samm-edasi\/#breadcrumb","itemListElement":[{"@type":"ListItem","position":1,"name":"Home","item":"http:\/\/vpmk.edu.ee\/"},{"@type":"ListItem","position":2,"name":"Eelkooli l\u00f5petamine Valga Priimetsa Koolis \u2013 r\u00f5\u00f5mus samm edasi!"}]},{"@type":"WebSite","@id":"http:\/\/vpmk.edu.ee\/#website","url":"http:\/\/vpmk.edu.ee\/","name":"\u0412\u0430\u043b\u0433\u0430\u0441\u043a\u0430\u044f \u0448\u043a\u043e\u043b\u0430 \u041f\u0440\u0438\u0439\u043c\u0435\u0442\u0441\u0430","description":"","publisher":{"@id":"http:\/\/vpmk.edu.ee\/#organization"},"potentialAction":[{"@type":"SearchAction","target":{"@type":"EntryPoint","urlTemplate":"http:\/\/vpmk.edu.ee\/?s={search_term_string}"},"query-input":{"@type":"PropertyValueSpecification","valueRequired":true,"valueName":"search_term_string"}}],"inLanguage":"ru-RU"},{"@type":"Organization","@id":"http:\/\/vpmk.edu.ee\/#organization","name":"\u0412\u0430\u043b\u0433\u0430\u0441\u043a\u0430\u044f \u0448\u043a\u043e\u043b\u0430 \u041f\u0440\u0438\u0439\u043c\u0435\u0442\u0441\u0430","url":"http:\/\/vpmk.edu.ee\/","logo":{"@type":"ImageObject","inLanguage":"ru-RU","@id":"http:\/\/vpmk.edu.ee\/#\/schema\/logo\/image\/","url":"https:\/\/vpmk.edu.ee\/wp-content\/uploads\/2023\/02\/cropped-cropped-Valga-Priimetsa-Kool-\u2013-logoks-1.png","contentUrl":"https:\/\/vpmk.edu.ee\/wp-content\/uploads\/2023\/02\/cropped-cropped-Valga-Priimetsa-Kool-\u2013-logoks-1.png","width":2058,"height":1615,"caption":"\u0412\u0430\u043b\u0433\u0430\u0441\u043a\u0430\u044f \u0448\u043a\u043e\u043b\u0430 \u041f\u0440\u0438\u0439\u043c\u0435\u0442\u0441\u0430"},"image":{"@id":"http:\/\/vpmk.edu.ee\/#\/schema\/logo\/image\/"}},{"@type":"Person","@id":"http:\/\/vpmk.edu.ee\/#\/schema\/person\/a15464c59434b4c3a472c03536668c48","name":"Administraator","image":{"@type":"ImageObject","inLanguage":"ru-RU","@id":"http:\/\/vpmk.edu.ee\/#\/schema\/person\/image\/","url":"https:\/\/secure.gravatar.com\/avatar\/69202627f44ec0bafe37ae648c36be246247edc0f98a094bbc76298a4a172013?s=96&d=mm&r=g","contentUrl":"https:\/\/secure.gravatar.com\/avatar\/69202627f44ec0bafe37ae648c36be246247edc0f98a094bbc76298a4a172013?s=96&d=mm&r=g","caption":"Administraator"},"url":"https:\/\/vpmk.edu.ee\/ru\/author\/rait\/"}]}},"_links":{"self":[{"href":"https:\/\/vpmk.edu.ee\/ru\/wp-json\/wp\/v2\/posts\/12086","targetHints":{"allow":["GET"]}}],"collection":[{"href":"https:\/\/vpmk.edu.ee\/ru\/wp-json\/wp\/v2\/posts"}],"about":[{"href":"https:\/\/vpmk.edu.ee\/ru\/wp-json\/wp\/v2\/types\/post"}],"author":[{"embeddable":true,"href":"https:\/\/vpmk.edu.ee\/ru\/wp-json\/wp\/v2\/users\/3"}],"replies":[{"embeddable":true,"href":"https:\/\/vpmk.edu.ee\/ru\/wp-json\/wp\/v2\/comments?post=12086"}],"version-history":[{"count":1,"href":"https:\/\/vpmk.edu.ee\/ru\/wp-json\/wp\/v2\/posts\/12086\/revisions"}],"predecessor-version":[{"id":12087,"href":"https:\/\/vpmk.edu.ee\/ru\/wp-json\/wp\/v2\/posts\/12086\/revisions\/12087"}],"wp:attachment":[{"href":"https:\/\/vpmk.edu.ee\/ru\/wp-json\/wp\/v2\/media?parent=12086"}],"wp:term":[{"taxonomy":"category","embeddable":true,"href":"https:\/\/vpmk.edu.ee\/ru\/wp-json\/wp\/v2\/categories?post=12086"},{"taxonomy":"post_tag","embeddable":true,"href":"https:\/\/vpmk.edu.ee\/ru\/wp-json\/wp\/v2\/tags?post=12086"}],"curies":[{"name":"wp","href":"https:\/\/api.w.org\/{rel}","templated":true}]}}