{"id":5628,"date":"2018-11-26T22:54:09","date_gmt":"2018-11-26T19:54:09","guid":{"rendered":"http:\/\/vpmk.edu.ee\/?p=5628"},"modified":"2018-11-29T10:45:59","modified_gmt":"2018-11-29T07:45:59","slug":"kodanikupaeval-valga-priimetsa-koolis-valiti-aasta-kodanik-ja-teadvustati-kodanikuks-olemise-vaartust","status":"publish","type":"post","link":"http:\/\/vpmk.edu.ee\/ru\/uncategorized\/kodanikupaeval-valga-priimetsa-koolis-valiti-aasta-kodanik-ja-teadvustati-kodanikuks-olemise-vaartust\/","title":{"rendered":"Kodanikup\u00e4eval Valga Priimetsa Koolis valiti aasta kodanik ja teadvustati kodanikuks olemise v\u00e4\u00e4rtust"},"content":{"rendered":"<h6 style=\"text-align: center;\"><strong><span style=\"color: #0000ff;\">26. novembril t\u00e4histatakse k\u00f5ikjal Eestis kodanikup\u00e4eva. Meie koolis on see p\u00e4ev erilise t\u00e4htsusega, sest tavap\u00e4rasel pidulikul aktusel r\u00e4\u00e4gitakse kodanikutundest, kodaniku \u00f5igustest ja kohustustest ning tunnustatakse aasta kodaniku aunimetusega inimest,<br \/>\nkes on silma paistnud koolielu \u00fcldisele arengule kaasaaitamisega<br \/>\nv\u00f5i kooli jaoks oluliste saavutustega.<br \/>\nSel aastal p\u00e4lvis Valga Priimetsa Kooli 2018. aasta kodaniku aunimetuse meie kooli kauaaegne pedagoog ja matemaatika\u00f5petaja <\/span><\/strong><\/h6>\n<h5 style=\"text-align: center;\"><strong><span style=\"color: #0000ff;\">RIINA KORTEL<\/span><span style=\"color: #0000ff;\"><br \/>\n<\/span><br \/>\n<img loading=\"lazy\" decoding=\"async\" class=\"alignnone size-medium wp-image-5630 aligncenter\" src=\"http:\/\/vpmk.edu.ee\/wp-content\/uploads\/2018\/11\/Nimetu-235x600.png\" alt=\"\" width=\"235\" height=\"600\" srcset=\"http:\/\/vpmk.edu.ee\/wp-content\/uploads\/2018\/11\/Nimetu-235x600.png 235w, http:\/\/vpmk.edu.ee\/wp-content\/uploads\/2018\/11\/Nimetu-768x1960.png 768w, http:\/\/vpmk.edu.ee\/wp-content\/uploads\/2018\/11\/Nimetu-401x1024.png 401w, http:\/\/vpmk.edu.ee\/wp-content\/uploads\/2018\/11\/Nimetu.png 928w\" sizes=\"auto, (max-width: 235px) 100vw, 235px\" \/><span style=\"color: #0000ff;\">PALJU \u00d5NNE!<\/span><\/strong><\/h5>\n<p><a href=\"https:\/\/photos.app.goo.gl\/QYCVoFgNZesjsnrZ8\">FOTOGALERII<\/a><\/p>\n<p><a href=\"http:\/\/www.valga.ee\/et\/uudised-ja-teated\/-\/asset_publisher\/NdxUP2aDtxzz\/content\/id\/21866518?redirect=http%3A%2F%2Fwww.valga.ee\">Valga vallavalitsuse koduleht kirjutab<\/a><\/p>\n","protected":false},"excerpt":{"rendered":"<p>26. novembril t\u00e4histatakse k\u00f5ikjal Eestis kodanikup\u00e4eva. Meie koolis on see p\u00e4ev erilise t\u00e4htsusega, sest tavap\u00e4rasel pidulikul aktusel r\u00e4\u00e4gitakse kodanikutundest, kodaniku \u00f5igustest ja kohustustest ning tunnustatakse aasta kodaniku aunimetusega inimest, kes on silma paistnud koolielu \u00fcldisele arengule kaasaaitamisega v\u00f5i kooli jaoks oluliste saavutustega. Sel aastal p\u00e4lvis Valga Priimetsa Kooli 2018. aasta kodaniku aunimetuse meie kooli kauaaegne &#8230; <a href=\"http:\/\/vpmk.edu.ee\/ru\/uncategorized\/kodanikupaeval-valga-priimetsa-koolis-valiti-aasta-kodanik-ja-teadvustati-kodanikuks-olemise-vaartust\/\" class=\"more-link\">Loe edasi<span class=\"screen-reader-text\"> &#171;Kodanikup\u00e4eval Valga Priimetsa Koolis valiti aasta kodanik ja teadvustati kodanikuks olemise v\u00e4\u00e4rtust&#187;<\/span> &raquo;<\/a><\/p>\n","protected":false},"author":3,"featured_media":0,"comment_status":"closed","ping_status":"open","sticky":false,"template":"","format":"standard","meta":{"footnotes":""},"categories":[1],"tags":[],"class_list":["post-5628","post","type-post","status-publish","format-standard","hentry","category-uncategorized"],"translation":{"provider":"WPGlobus","version":"3.0.1","language":"ru","enabled_languages":["ee","ru"],"languages":{"ee":{"title":true,"content":true,"excerpt":false},"ru":{"title":false,"content":false,"excerpt":false}}},"yoast_head":"<!-- This site is optimized with the Yoast SEO plugin v26.7 - https:\/\/yoast.com\/wordpress\/plugins\/seo\/ -->\n<title>Kodanikup\u00e4eval Valga Priimetsa Koolis valiti aasta kodanik ja teadvustati kodanikuks olemise v\u00e4\u00e4rtust - \u0412\u0430\u043b\u0433\u0430\u0441\u043a\u0430\u044f \u0448\u043a\u043e\u043b\u0430 \u041f\u0440\u0438\u0439\u043c\u0435\u0442\u0441\u0430<\/title>\n<meta name=\"robots\" content=\"index, follow, max-snippet:-1, max-image-preview:large, max-video-preview:-1\" \/>\n<link rel=\"canonical\" href=\"http:\/\/vpmk.edu.ee\/uncategorized\/kodanikupaeval-valga-priimetsa-koolis-valiti-aasta-kodanik-ja-teadvustati-kodanikuks-olemise-vaartust\/\" \/>\n<meta property=\"og:locale\" content=\"ru_RU\" \/>\n<meta property=\"og:type\" content=\"article\" \/>\n<meta property=\"og:title\" content=\"Kodanikup\u00e4eval Valga Priimetsa Koolis valiti aasta kodanik ja teadvustati kodanikuks olemise v\u00e4\u00e4rtust - \u0412\u0430\u043b\u0433\u0430\u0441\u043a\u0430\u044f \u0448\u043a\u043e\u043b\u0430 \u041f\u0440\u0438\u0439\u043c\u0435\u0442\u0441\u0430\" \/>\n<meta property=\"og:url\" content=\"http:\/\/vpmk.edu.ee\/uncategorized\/kodanikupaeval-valga-priimetsa-koolis-valiti-aasta-kodanik-ja-teadvustati-kodanikuks-olemise-vaartust\/\" \/>\n<meta property=\"og:site_name\" content=\"\u0412\u0430\u043b\u0433\u0430\u0441\u043a\u0430\u044f \u0448\u043a\u043e\u043b\u0430 \u041f\u0440\u0438\u0439\u043c\u0435\u0442\u0441\u0430\" \/>\n<meta property=\"article:published_time\" content=\"2018-11-26T19:54:09+00:00\" \/>\n<meta property=\"article:modified_time\" content=\"2018-11-29T07:45:59+00:00\" \/>\n<meta property=\"og:image\" content=\"http:\/\/vpmk.edu.ee\/wp-content\/uploads\/2018\/11\/Nimetu-235x600.png\" \/>\n<meta name=\"author\" content=\"Administraator\" \/>\n<meta name=\"twitter:card\" content=\"summary_large_image\" \/>\n<meta name=\"twitter:label1\" content=\"\u041d\u0430\u043f\u0438\u0441\u0430\u043d\u043e \u0430\u0432\u0442\u043e\u0440\u043e\u043c\" \/>\n\t<meta name=\"twitter:data1\" content=\"Administraator\" \/>\n<script type=\"application\/ld+json\" class=\"yoast-schema-graph\">{\"@context\":\"https:\/\/schema.org\",\"@graph\":[{\"@type\":\"Article\",\"@id\":\"http:\/\/vpmk.edu.ee\/uncategorized\/kodanikupaeval-valga-priimetsa-koolis-valiti-aasta-kodanik-ja-teadvustati-kodanikuks-olemise-vaartust\/#article\",\"isPartOf\":{\"@id\":\"http:\/\/vpmk.edu.ee\/uncategorized\/kodanikupaeval-valga-priimetsa-koolis-valiti-aasta-kodanik-ja-teadvustati-kodanikuks-olemise-vaartust\/\"},\"author\":{\"name\":\"Administraator\",\"@id\":\"https:\/\/vpmk.edu.ee\/#\/schema\/person\/a15464c59434b4c3a472c03536668c48\"},\"headline\":\"Kodanikup\u00e4eval Valga Priimetsa Koolis valiti aasta kodanik ja teadvustati kodanikuks olemise v\u00e4\u00e4rtust\",\"datePublished\":\"2018-11-26T19:54:09+00:00\",\"dateModified\":\"2018-11-29T07:45:59+00:00\",\"mainEntityOfPage\":{\"@id\":\"http:\/\/vpmk.edu.ee\/uncategorized\/kodanikupaeval-valga-priimetsa-koolis-valiti-aasta-kodanik-ja-teadvustati-kodanikuks-olemise-vaartust\/\"},\"wordCount\":89,\"publisher\":{\"@id\":\"https:\/\/vpmk.edu.ee\/#organization\"},\"image\":{\"@id\":\"http:\/\/vpmk.edu.ee\/uncategorized\/kodanikupaeval-valga-priimetsa-koolis-valiti-aasta-kodanik-ja-teadvustati-kodanikuks-olemise-vaartust\/#primaryimage\"},\"thumbnailUrl\":\"http:\/\/vpmk.edu.ee\/wp-content\/uploads\/2018\/11\/Nimetu-235x600.png\",\"articleSection\":[\"Uudised\"],\"inLanguage\":\"ru-RU\"},{\"@type\":\"WebPage\",\"@id\":\"http:\/\/vpmk.edu.ee\/uncategorized\/kodanikupaeval-valga-priimetsa-koolis-valiti-aasta-kodanik-ja-teadvustati-kodanikuks-olemise-vaartust\/\",\"url\":\"http:\/\/vpmk.edu.ee\/uncategorized\/kodanikupaeval-valga-priimetsa-koolis-valiti-aasta-kodanik-ja-teadvustati-kodanikuks-olemise-vaartust\/\",\"name\":\"Kodanikup\u00e4eval Valga Priimetsa Koolis valiti aasta kodanik ja teadvustati kodanikuks olemise v\u00e4\u00e4rtust - \u0412\u0430\u043b\u0433\u0430\u0441\u043a\u0430\u044f \u0448\u043a\u043e\u043b\u0430 \u041f\u0440\u0438\u0439\u043c\u0435\u0442\u0441\u0430\",\"isPartOf\":{\"@id\":\"https:\/\/vpmk.edu.ee\/#website\"},\"primaryImageOfPage\":{\"@id\":\"http:\/\/vpmk.edu.ee\/uncategorized\/kodanikupaeval-valga-priimetsa-koolis-valiti-aasta-kodanik-ja-teadvustati-kodanikuks-olemise-vaartust\/#primaryimage\"},\"image\":{\"@id\":\"http:\/\/vpmk.edu.ee\/uncategorized\/kodanikupaeval-valga-priimetsa-koolis-valiti-aasta-kodanik-ja-teadvustati-kodanikuks-olemise-vaartust\/#primaryimage\"},\"thumbnailUrl\":\"http:\/\/vpmk.edu.ee\/wp-content\/uploads\/2018\/11\/Nimetu-235x600.png\",\"datePublished\":\"2018-11-26T19:54:09+00:00\",\"dateModified\":\"2018-11-29T07:45:59+00:00\",\"breadcrumb\":{\"@id\":\"http:\/\/vpmk.edu.ee\/uncategorized\/kodanikupaeval-valga-priimetsa-koolis-valiti-aasta-kodanik-ja-teadvustati-kodanikuks-olemise-vaartust\/#breadcrumb\"},\"inLanguage\":\"ru-RU\",\"potentialAction\":[{\"@type\":\"ReadAction\",\"target\":[\"http:\/\/vpmk.edu.ee\/uncategorized\/kodanikupaeval-valga-priimetsa-koolis-valiti-aasta-kodanik-ja-teadvustati-kodanikuks-olemise-vaartust\/\"]}]},{\"@type\":\"ImageObject\",\"inLanguage\":\"ru-RU\",\"@id\":\"http:\/\/vpmk.edu.ee\/uncategorized\/kodanikupaeval-valga-priimetsa-koolis-valiti-aasta-kodanik-ja-teadvustati-kodanikuks-olemise-vaartust\/#primaryimage\",\"url\":\"http:\/\/vpmk.edu.ee\/wp-content\/uploads\/2018\/11\/Nimetu-235x600.png\",\"contentUrl\":\"http:\/\/vpmk.edu.ee\/wp-content\/uploads\/2018\/11\/Nimetu-235x600.png\"},{\"@type\":\"BreadcrumbList\",\"@id\":\"http:\/\/vpmk.edu.ee\/uncategorized\/kodanikupaeval-valga-priimetsa-koolis-valiti-aasta-kodanik-ja-teadvustati-kodanikuks-olemise-vaartust\/#breadcrumb\",\"itemListElement\":[{\"@type\":\"ListItem\",\"position\":1,\"name\":\"Home\",\"item\":\"https:\/\/vpmk.edu.ee\/\"},{\"@type\":\"ListItem\",\"position\":2,\"name\":\"Kodanikup\u00e4eval Valga Priimetsa Koolis valiti aasta kodanik ja teadvustati kodanikuks olemise v\u00e4\u00e4rtust\"}]},{\"@type\":\"WebSite\",\"@id\":\"https:\/\/vpmk.edu.ee\/#website\",\"url\":\"https:\/\/vpmk.edu.ee\/\",\"name\":\"\u0412\u0430\u043b\u0433\u0430\u0441\u043a\u0430\u044f \u0448\u043a\u043e\u043b\u0430 \u041f\u0440\u0438\u0439\u043c\u0435\u0442\u0441\u0430\",\"description\":\"\",\"publisher\":{\"@id\":\"https:\/\/vpmk.edu.ee\/#organization\"},\"potentialAction\":[{\"@type\":\"SearchAction\",\"target\":{\"@type\":\"EntryPoint\",\"urlTemplate\":\"https:\/\/vpmk.edu.ee\/?s={search_term_string}\"},\"query-input\":{\"@type\":\"PropertyValueSpecification\",\"valueRequired\":true,\"valueName\":\"search_term_string\"}}],\"inLanguage\":\"ru-RU\"},{\"@type\":\"Organization\",\"@id\":\"https:\/\/vpmk.edu.ee\/#organization\",\"name\":\"\u0412\u0430\u043b\u0433\u0430\u0441\u043a\u0430\u044f \u0448\u043a\u043e\u043b\u0430 \u041f\u0440\u0438\u0439\u043c\u0435\u0442\u0441\u0430\",\"url\":\"https:\/\/vpmk.edu.ee\/\",\"logo\":{\"@type\":\"ImageObject\",\"inLanguage\":\"ru-RU\",\"@id\":\"https:\/\/vpmk.edu.ee\/#\/schema\/logo\/image\/\",\"url\":\"http:\/\/vpmk.edu.ee\/wp-content\/uploads\/2023\/02\/cropped-cropped-Valga-Priimetsa-Kool-\u2013-logoks-1.png\",\"contentUrl\":\"http:\/\/vpmk.edu.ee\/wp-content\/uploads\/2023\/02\/cropped-cropped-Valga-Priimetsa-Kool-\u2013-logoks-1.png\",\"width\":2058,\"height\":1615,\"caption\":\"\u0412\u0430\u043b\u0433\u0430\u0441\u043a\u0430\u044f \u0448\u043a\u043e\u043b\u0430 \u041f\u0440\u0438\u0439\u043c\u0435\u0442\u0441\u0430\"},\"image\":{\"@id\":\"https:\/\/vpmk.edu.ee\/#\/schema\/logo\/image\/\"}},{\"@type\":\"Person\",\"@id\":\"https:\/\/vpmk.edu.ee\/#\/schema\/person\/a15464c59434b4c3a472c03536668c48\",\"name\":\"Administraator\",\"image\":{\"@type\":\"ImageObject\",\"inLanguage\":\"ru-RU\",\"@id\":\"https:\/\/vpmk.edu.ee\/#\/schema\/person\/image\/\",\"url\":\"https:\/\/secure.gravatar.com\/avatar\/69202627f44ec0bafe37ae648c36be246247edc0f98a094bbc76298a4a172013?s=96&d=mm&r=g\",\"contentUrl\":\"https:\/\/secure.gravatar.com\/avatar\/69202627f44ec0bafe37ae648c36be246247edc0f98a094bbc76298a4a172013?s=96&d=mm&r=g\",\"caption\":\"Administraator\"},\"url\":\"http:\/\/vpmk.edu.ee\/ru\/author\/rait\/\"}]}<\/script>\n<!-- \/ Yoast SEO plugin. -->","yoast_head_json":{"title":"Kodanikup\u00e4eval Valga Priimetsa Koolis valiti aasta kodanik ja teadvustati kodanikuks olemise v\u00e4\u00e4rtust - \u0412\u0430\u043b\u0433\u0430\u0441\u043a\u0430\u044f \u0448\u043a\u043e\u043b\u0430 \u041f\u0440\u0438\u0439\u043c\u0435\u0442\u0441\u0430","robots":{"index":"index","follow":"follow","max-snippet":"max-snippet:-1","max-image-preview":"max-image-preview:large","max-video-preview":"max-video-preview:-1"},"canonical":"http:\/\/vpmk.edu.ee\/uncategorized\/kodanikupaeval-valga-priimetsa-koolis-valiti-aasta-kodanik-ja-teadvustati-kodanikuks-olemise-vaartust\/","og_locale":"ru_RU","og_type":"article","og_title":"Kodanikup\u00e4eval Valga Priimetsa Koolis valiti aasta kodanik ja teadvustati kodanikuks olemise v\u00e4\u00e4rtust - \u0412\u0430\u043b\u0433\u0430\u0441\u043a\u0430\u044f \u0448\u043a\u043e\u043b\u0430 \u041f\u0440\u0438\u0439\u043c\u0435\u0442\u0441\u0430","og_url":"http:\/\/vpmk.edu.ee\/uncategorized\/kodanikupaeval-valga-priimetsa-koolis-valiti-aasta-kodanik-ja-teadvustati-kodanikuks-olemise-vaartust\/","og_site_name":"\u0412\u0430\u043b\u0433\u0430\u0441\u043a\u0430\u044f \u0448\u043a\u043e\u043b\u0430 \u041f\u0440\u0438\u0439\u043c\u0435\u0442\u0441\u0430","article_published_time":"2018-11-26T19:54:09+00:00","article_modified_time":"2018-11-29T07:45:59+00:00","og_image":[{"url":"http:\/\/vpmk.edu.ee\/wp-content\/uploads\/2018\/11\/Nimetu-235x600.png","type":"","width":"","height":""}],"author":"Administraator","twitter_card":"summary_large_image","twitter_misc":{"\u041d\u0430\u043f\u0438\u0441\u0430\u043d\u043e \u0430\u0432\u0442\u043e\u0440\u043e\u043c":"Administraator"},"schema":{"@context":"https:\/\/schema.org","@graph":[{"@type":"Article","@id":"http:\/\/vpmk.edu.ee\/uncategorized\/kodanikupaeval-valga-priimetsa-koolis-valiti-aasta-kodanik-ja-teadvustati-kodanikuks-olemise-vaartust\/#article","isPartOf":{"@id":"http:\/\/vpmk.edu.ee\/uncategorized\/kodanikupaeval-valga-priimetsa-koolis-valiti-aasta-kodanik-ja-teadvustati-kodanikuks-olemise-vaartust\/"},"author":{"name":"Administraator","@id":"https:\/\/vpmk.edu.ee\/#\/schema\/person\/a15464c59434b4c3a472c03536668c48"},"headline":"Kodanikup\u00e4eval Valga Priimetsa Koolis valiti aasta kodanik ja teadvustati kodanikuks olemise v\u00e4\u00e4rtust","datePublished":"2018-11-26T19:54:09+00:00","dateModified":"2018-11-29T07:45:59+00:00","mainEntityOfPage":{"@id":"http:\/\/vpmk.edu.ee\/uncategorized\/kodanikupaeval-valga-priimetsa-koolis-valiti-aasta-kodanik-ja-teadvustati-kodanikuks-olemise-vaartust\/"},"wordCount":89,"publisher":{"@id":"https:\/\/vpmk.edu.ee\/#organization"},"image":{"@id":"http:\/\/vpmk.edu.ee\/uncategorized\/kodanikupaeval-valga-priimetsa-koolis-valiti-aasta-kodanik-ja-teadvustati-kodanikuks-olemise-vaartust\/#primaryimage"},"thumbnailUrl":"http:\/\/vpmk.edu.ee\/wp-content\/uploads\/2018\/11\/Nimetu-235x600.png","articleSection":["Uudised"],"inLanguage":"ru-RU"},{"@type":"WebPage","@id":"http:\/\/vpmk.edu.ee\/uncategorized\/kodanikupaeval-valga-priimetsa-koolis-valiti-aasta-kodanik-ja-teadvustati-kodanikuks-olemise-vaartust\/","url":"http:\/\/vpmk.edu.ee\/uncategorized\/kodanikupaeval-valga-priimetsa-koolis-valiti-aasta-kodanik-ja-teadvustati-kodanikuks-olemise-vaartust\/","name":"Kodanikup\u00e4eval Valga Priimetsa Koolis valiti aasta kodanik ja teadvustati kodanikuks olemise v\u00e4\u00e4rtust - \u0412\u0430\u043b\u0433\u0430\u0441\u043a\u0430\u044f \u0448\u043a\u043e\u043b\u0430 \u041f\u0440\u0438\u0439\u043c\u0435\u0442\u0441\u0430","isPartOf":{"@id":"https:\/\/vpmk.edu.ee\/#website"},"primaryImageOfPage":{"@id":"http:\/\/vpmk.edu.ee\/uncategorized\/kodanikupaeval-valga-priimetsa-koolis-valiti-aasta-kodanik-ja-teadvustati-kodanikuks-olemise-vaartust\/#primaryimage"},"image":{"@id":"http:\/\/vpmk.edu.ee\/uncategorized\/kodanikupaeval-valga-priimetsa-koolis-valiti-aasta-kodanik-ja-teadvustati-kodanikuks-olemise-vaartust\/#primaryimage"},"thumbnailUrl":"http:\/\/vpmk.edu.ee\/wp-content\/uploads\/2018\/11\/Nimetu-235x600.png","datePublished":"2018-11-26T19:54:09+00:00","dateModified":"2018-11-29T07:45:59+00:00","breadcrumb":{"@id":"http:\/\/vpmk.edu.ee\/uncategorized\/kodanikupaeval-valga-priimetsa-koolis-valiti-aasta-kodanik-ja-teadvustati-kodanikuks-olemise-vaartust\/#breadcrumb"},"inLanguage":"ru-RU","potentialAction":[{"@type":"ReadAction","target":["http:\/\/vpmk.edu.ee\/uncategorized\/kodanikupaeval-valga-priimetsa-koolis-valiti-aasta-kodanik-ja-teadvustati-kodanikuks-olemise-vaartust\/"]}]},{"@type":"ImageObject","inLanguage":"ru-RU","@id":"http:\/\/vpmk.edu.ee\/uncategorized\/kodanikupaeval-valga-priimetsa-koolis-valiti-aasta-kodanik-ja-teadvustati-kodanikuks-olemise-vaartust\/#primaryimage","url":"http:\/\/vpmk.edu.ee\/wp-content\/uploads\/2018\/11\/Nimetu-235x600.png","contentUrl":"http:\/\/vpmk.edu.ee\/wp-content\/uploads\/2018\/11\/Nimetu-235x600.png"},{"@type":"BreadcrumbList","@id":"http:\/\/vpmk.edu.ee\/uncategorized\/kodanikupaeval-valga-priimetsa-koolis-valiti-aasta-kodanik-ja-teadvustati-kodanikuks-olemise-vaartust\/#breadcrumb","itemListElement":[{"@type":"ListItem","position":1,"name":"Home","item":"https:\/\/vpmk.edu.ee\/"},{"@type":"ListItem","position":2,"name":"Kodanikup\u00e4eval Valga Priimetsa Koolis valiti aasta kodanik ja teadvustati kodanikuks olemise v\u00e4\u00e4rtust"}]},{"@type":"WebSite","@id":"https:\/\/vpmk.edu.ee\/#website","url":"https:\/\/vpmk.edu.ee\/","name":"\u0412\u0430\u043b\u0433\u0430\u0441\u043a\u0430\u044f \u0448\u043a\u043e\u043b\u0430 \u041f\u0440\u0438\u0439\u043c\u0435\u0442\u0441\u0430","description":"","publisher":{"@id":"https:\/\/vpmk.edu.ee\/#organization"},"potentialAction":[{"@type":"SearchAction","target":{"@type":"EntryPoint","urlTemplate":"https:\/\/vpmk.edu.ee\/?s={search_term_string}"},"query-input":{"@type":"PropertyValueSpecification","valueRequired":true,"valueName":"search_term_string"}}],"inLanguage":"ru-RU"},{"@type":"Organization","@id":"https:\/\/vpmk.edu.ee\/#organization","name":"\u0412\u0430\u043b\u0433\u0430\u0441\u043a\u0430\u044f \u0448\u043a\u043e\u043b\u0430 \u041f\u0440\u0438\u0439\u043c\u0435\u0442\u0441\u0430","url":"https:\/\/vpmk.edu.ee\/","logo":{"@type":"ImageObject","inLanguage":"ru-RU","@id":"https:\/\/vpmk.edu.ee\/#\/schema\/logo\/image\/","url":"http:\/\/vpmk.edu.ee\/wp-content\/uploads\/2023\/02\/cropped-cropped-Valga-Priimetsa-Kool-\u2013-logoks-1.png","contentUrl":"http:\/\/vpmk.edu.ee\/wp-content\/uploads\/2023\/02\/cropped-cropped-Valga-Priimetsa-Kool-\u2013-logoks-1.png","width":2058,"height":1615,"caption":"\u0412\u0430\u043b\u0433\u0430\u0441\u043a\u0430\u044f \u0448\u043a\u043e\u043b\u0430 \u041f\u0440\u0438\u0439\u043c\u0435\u0442\u0441\u0430"},"image":{"@id":"https:\/\/vpmk.edu.ee\/#\/schema\/logo\/image\/"}},{"@type":"Person","@id":"https:\/\/vpmk.edu.ee\/#\/schema\/person\/a15464c59434b4c3a472c03536668c48","name":"Administraator","image":{"@type":"ImageObject","inLanguage":"ru-RU","@id":"https:\/\/vpmk.edu.ee\/#\/schema\/person\/image\/","url":"https:\/\/secure.gravatar.com\/avatar\/69202627f44ec0bafe37ae648c36be246247edc0f98a094bbc76298a4a172013?s=96&d=mm&r=g","contentUrl":"https:\/\/secure.gravatar.com\/avatar\/69202627f44ec0bafe37ae648c36be246247edc0f98a094bbc76298a4a172013?s=96&d=mm&r=g","caption":"Administraator"},"url":"http:\/\/vpmk.edu.ee\/ru\/author\/rait\/"}]}},"_links":{"self":[{"href":"http:\/\/vpmk.edu.ee\/ru\/wp-json\/wp\/v2\/posts\/5628","targetHints":{"allow":["GET"]}}],"collection":[{"href":"http:\/\/vpmk.edu.ee\/ru\/wp-json\/wp\/v2\/posts"}],"about":[{"href":"http:\/\/vpmk.edu.ee\/ru\/wp-json\/wp\/v2\/types\/post"}],"author":[{"embeddable":true,"href":"http:\/\/vpmk.edu.ee\/ru\/wp-json\/wp\/v2\/users\/3"}],"replies":[{"embeddable":true,"href":"http:\/\/vpmk.edu.ee\/ru\/wp-json\/wp\/v2\/comments?post=5628"}],"version-history":[{"count":9,"href":"http:\/\/vpmk.edu.ee\/ru\/wp-json\/wp\/v2\/posts\/5628\/revisions"}],"predecessor-version":[{"id":5645,"href":"http:\/\/vpmk.edu.ee\/ru\/wp-json\/wp\/v2\/posts\/5628\/revisions\/5645"}],"wp:attachment":[{"href":"http:\/\/vpmk.edu.ee\/ru\/wp-json\/wp\/v2\/media?parent=5628"}],"wp:term":[{"taxonomy":"category","embeddable":true,"href":"http:\/\/vpmk.edu.ee\/ru\/wp-json\/wp\/v2\/categories?post=5628"},{"taxonomy":"post_tag","embeddable":true,"href":"http:\/\/vpmk.edu.ee\/ru\/wp-json\/wp\/v2\/tags?post=5628"}],"curies":[{"name":"wp","href":"https:\/\/api.w.org\/{rel}","templated":true}]}}