{"id":2669,"date":"2016-11-29T18:12:54","date_gmt":"2016-11-29T18:12:54","guid":{"rendered":"http:\/\/vpmk.edu.ee\/?p=2669"},"modified":"2016-11-29T18:18:22","modified_gmt":"2016-11-29T18:18:22","slug":"priimetsa-kool-andis-aukodaniku-tiitli-hoolekogu-esimehele","status":"publish","type":"post","link":"http:\/\/vpmk.edu.ee\/ru\/uncategorized\/priimetsa-kool-andis-aukodaniku-tiitli-hoolekogu-esimehele\/","title":{"rendered":"Priimetsa kool andis aukodaniku tiitli hoolekogu esimehele"},"content":{"rendered":"<h6><strong><span style=\"color: #000000;\">Ajaleht Valgamaalane artikkel 29.11.2016 <\/span><\/strong><br \/>\n<span style=\"color: #000000;\"><strong>Sirje Lemmik<\/strong><\/span><\/h6>\n<p style=\"text-align: justify;\"><span style=\"color: #000000;\"><span style=\"color: #000000;\"><img loading=\"lazy\" decoding=\"async\" class=\"alignnone wp-image-2670\" src=\"http:\/\/vpmk.edu.ee\/wp-content\/uploads\/2016\/11\/6124285t100h367d-600x400.jpg\" alt=\"6124285t100h367d\" width=\"480\" height=\"321\" srcset=\"http:\/\/vpmk.edu.ee\/wp-content\/uploads\/2016\/11\/6124285t100h367d-600x400.jpg 600w, http:\/\/vpmk.edu.ee\/wp-content\/uploads\/2016\/11\/6124285t100h367d.jpg 648w\" sizes=\"auto, (max-width: 480px) 100vw, 480px\" \/><br \/>\n<\/span><\/span><em>Valga Priimetsa koolil on tavaks anda kodanikup\u00e4eva puhul v\u00e4lja kooli aasta kodaniku aunimetus. Sel aastal p\u00e4lvis selle lapsevanem, kooli hoolekogu esimees, vilistlane ja viie lapse isa Vitali Ma\u0161nits.<br \/>\nFoto: Arvo Meeks \/ Valgamaalane <\/em><\/p>\n<p style=\"text-align: justify;\"><strong><span style=\"color: #0000ff;\">Valga Priimetsa kool valis juba teist korda oma koolile aasta kodaniku. Sedapuhku sai auv\u00e4\u00e4rse tiitli kooli hoolekogu pikaajaline esimees <\/span><br \/>\n<span style=\"color: #0000ff;\">Vitali Ma\u0161nits.<br \/>\n<\/span><\/strong><strong><br \/>\n<a href=\"https:\/\/drive.google.com\/file\/d\/0B6GT3jff-O_RazFjME5QZkEwM0U\/view?usp=sharing\">Loe edasi<\/a><br \/>\n<\/strong><\/p>\n<h6><span style=\"color: #000000;\">\u00a0<\/span><\/h6>\n","protected":false},"excerpt":{"rendered":"<p>Ajaleht Valgamaalane artikkel 29.11.2016 Sirje Lemmik Valga Priimetsa koolil on tavaks anda kodanikup\u00e4eva puhul v\u00e4lja kooli aasta kodaniku aunimetus. Sel aastal p\u00e4lvis selle lapsevanem, kooli hoolekogu esimees, vilistlane ja viie lapse isa Vitali Ma\u0161nits. Foto: Arvo Meeks \/ Valgamaalane Valga Priimetsa kool valis juba teist korda oma koolile aasta kodaniku. Sedapuhku sai auv\u00e4\u00e4rse tiitli kooli &#8230; <a href=\"http:\/\/vpmk.edu.ee\/ru\/uncategorized\/priimetsa-kool-andis-aukodaniku-tiitli-hoolekogu-esimehele\/\" class=\"more-link\">Loe edasi<span class=\"screen-reader-text\"> &#171;Priimetsa kool andis aukodaniku tiitli hoolekogu esimehele&#187;<\/span> &raquo;<\/a><\/p>\n","protected":false},"author":3,"featured_media":0,"comment_status":"closed","ping_status":"open","sticky":false,"template":"","format":"standard","meta":{"footnotes":""},"categories":[1],"tags":[],"class_list":["post-2669","post","type-post","status-publish","format-standard","hentry","category-uncategorized"],"translation":{"provider":"WPGlobus","version":"3.0.1","language":"ru","enabled_languages":["ee","ru"],"languages":{"ee":{"title":true,"content":true,"excerpt":false},"ru":{"title":false,"content":false,"excerpt":false}}},"yoast_head":"<!-- This site is optimized with the Yoast SEO plugin v26.7 - https:\/\/yoast.com\/wordpress\/plugins\/seo\/ -->\n<title>Priimetsa kool andis aukodaniku tiitli hoolekogu esimehele - \u0412\u0430\u043b\u0433\u0430\u0441\u043a\u0430\u044f \u0448\u043a\u043e\u043b\u0430 \u041f\u0440\u0438\u0439\u043c\u0435\u0442\u0441\u0430<\/title>\n<meta name=\"robots\" content=\"index, follow, max-snippet:-1, max-image-preview:large, max-video-preview:-1\" \/>\n<link rel=\"canonical\" href=\"http:\/\/vpmk.edu.ee\/uncategorized\/priimetsa-kool-andis-aukodaniku-tiitli-hoolekogu-esimehele\/\" \/>\n<meta property=\"og:locale\" content=\"ru_RU\" \/>\n<meta property=\"og:type\" content=\"article\" \/>\n<meta property=\"og:title\" content=\"Priimetsa kool andis aukodaniku tiitli hoolekogu esimehele - \u0412\u0430\u043b\u0433\u0430\u0441\u043a\u0430\u044f \u0448\u043a\u043e\u043b\u0430 \u041f\u0440\u0438\u0439\u043c\u0435\u0442\u0441\u0430\" \/>\n<meta property=\"og:url\" content=\"http:\/\/vpmk.edu.ee\/uncategorized\/priimetsa-kool-andis-aukodaniku-tiitli-hoolekogu-esimehele\/\" \/>\n<meta property=\"og:site_name\" content=\"\u0412\u0430\u043b\u0433\u0430\u0441\u043a\u0430\u044f \u0448\u043a\u043e\u043b\u0430 \u041f\u0440\u0438\u0439\u043c\u0435\u0442\u0441\u0430\" \/>\n<meta property=\"article:published_time\" content=\"2016-11-29T18:12:54+00:00\" \/>\n<meta property=\"article:modified_time\" content=\"2016-11-29T18:18:22+00:00\" \/>\n<meta property=\"og:image\" content=\"http:\/\/vpmk.edu.ee\/wp-content\/uploads\/2016\/11\/6124285t100h367d-600x400.jpg\" \/>\n<meta name=\"author\" content=\"Administraator\" \/>\n<meta name=\"twitter:card\" content=\"summary_large_image\" \/>\n<meta name=\"twitter:label1\" content=\"\u041d\u0430\u043f\u0438\u0441\u0430\u043d\u043e \u0430\u0432\u0442\u043e\u0440\u043e\u043c\" \/>\n\t<meta name=\"twitter:data1\" content=\"Administraator\" \/>\n<script type=\"application\/ld+json\" class=\"yoast-schema-graph\">{\"@context\":\"https:\/\/schema.org\",\"@graph\":[{\"@type\":\"Article\",\"@id\":\"http:\/\/vpmk.edu.ee\/uncategorized\/priimetsa-kool-andis-aukodaniku-tiitli-hoolekogu-esimehele\/#article\",\"isPartOf\":{\"@id\":\"http:\/\/vpmk.edu.ee\/uncategorized\/priimetsa-kool-andis-aukodaniku-tiitli-hoolekogu-esimehele\/\"},\"author\":{\"name\":\"Administraator\",\"@id\":\"https:\/\/vpmk.edu.ee\/#\/schema\/person\/a15464c59434b4c3a472c03536668c48\"},\"headline\":\"Priimetsa kool andis aukodaniku tiitli hoolekogu esimehele\",\"datePublished\":\"2016-11-29T18:12:54+00:00\",\"dateModified\":\"2016-11-29T18:18:22+00:00\",\"mainEntityOfPage\":{\"@id\":\"http:\/\/vpmk.edu.ee\/uncategorized\/priimetsa-kool-andis-aukodaniku-tiitli-hoolekogu-esimehele\/\"},\"wordCount\":73,\"publisher\":{\"@id\":\"https:\/\/vpmk.edu.ee\/#organization\"},\"image\":{\"@id\":\"http:\/\/vpmk.edu.ee\/uncategorized\/priimetsa-kool-andis-aukodaniku-tiitli-hoolekogu-esimehele\/#primaryimage\"},\"thumbnailUrl\":\"http:\/\/vpmk.edu.ee\/wp-content\/uploads\/2016\/11\/6124285t100h367d-600x400.jpg\",\"articleSection\":[\"Uudised\"],\"inLanguage\":\"ru-RU\"},{\"@type\":\"WebPage\",\"@id\":\"http:\/\/vpmk.edu.ee\/uncategorized\/priimetsa-kool-andis-aukodaniku-tiitli-hoolekogu-esimehele\/\",\"url\":\"http:\/\/vpmk.edu.ee\/uncategorized\/priimetsa-kool-andis-aukodaniku-tiitli-hoolekogu-esimehele\/\",\"name\":\"Priimetsa kool andis aukodaniku tiitli hoolekogu esimehele - \u0412\u0430\u043b\u0433\u0430\u0441\u043a\u0430\u044f \u0448\u043a\u043e\u043b\u0430 \u041f\u0440\u0438\u0439\u043c\u0435\u0442\u0441\u0430\",\"isPartOf\":{\"@id\":\"https:\/\/vpmk.edu.ee\/#website\"},\"primaryImageOfPage\":{\"@id\":\"http:\/\/vpmk.edu.ee\/uncategorized\/priimetsa-kool-andis-aukodaniku-tiitli-hoolekogu-esimehele\/#primaryimage\"},\"image\":{\"@id\":\"http:\/\/vpmk.edu.ee\/uncategorized\/priimetsa-kool-andis-aukodaniku-tiitli-hoolekogu-esimehele\/#primaryimage\"},\"thumbnailUrl\":\"http:\/\/vpmk.edu.ee\/wp-content\/uploads\/2016\/11\/6124285t100h367d-600x400.jpg\",\"datePublished\":\"2016-11-29T18:12:54+00:00\",\"dateModified\":\"2016-11-29T18:18:22+00:00\",\"breadcrumb\":{\"@id\":\"http:\/\/vpmk.edu.ee\/uncategorized\/priimetsa-kool-andis-aukodaniku-tiitli-hoolekogu-esimehele\/#breadcrumb\"},\"inLanguage\":\"ru-RU\",\"potentialAction\":[{\"@type\":\"ReadAction\",\"target\":[\"http:\/\/vpmk.edu.ee\/uncategorized\/priimetsa-kool-andis-aukodaniku-tiitli-hoolekogu-esimehele\/\"]}]},{\"@type\":\"ImageObject\",\"inLanguage\":\"ru-RU\",\"@id\":\"http:\/\/vpmk.edu.ee\/uncategorized\/priimetsa-kool-andis-aukodaniku-tiitli-hoolekogu-esimehele\/#primaryimage\",\"url\":\"http:\/\/vpmk.edu.ee\/wp-content\/uploads\/2016\/11\/6124285t100h367d-600x400.jpg\",\"contentUrl\":\"http:\/\/vpmk.edu.ee\/wp-content\/uploads\/2016\/11\/6124285t100h367d-600x400.jpg\"},{\"@type\":\"BreadcrumbList\",\"@id\":\"http:\/\/vpmk.edu.ee\/uncategorized\/priimetsa-kool-andis-aukodaniku-tiitli-hoolekogu-esimehele\/#breadcrumb\",\"itemListElement\":[{\"@type\":\"ListItem\",\"position\":1,\"name\":\"Home\",\"item\":\"https:\/\/vpmk.edu.ee\/\"},{\"@type\":\"ListItem\",\"position\":2,\"name\":\"Priimetsa kool andis aukodaniku tiitli hoolekogu esimehele\"}]},{\"@type\":\"WebSite\",\"@id\":\"https:\/\/vpmk.edu.ee\/#website\",\"url\":\"https:\/\/vpmk.edu.ee\/\",\"name\":\"\u0412\u0430\u043b\u0433\u0430\u0441\u043a\u0430\u044f \u0448\u043a\u043e\u043b\u0430 \u041f\u0440\u0438\u0439\u043c\u0435\u0442\u0441\u0430\",\"description\":\"\",\"publisher\":{\"@id\":\"https:\/\/vpmk.edu.ee\/#organization\"},\"potentialAction\":[{\"@type\":\"SearchAction\",\"target\":{\"@type\":\"EntryPoint\",\"urlTemplate\":\"https:\/\/vpmk.edu.ee\/?s={search_term_string}\"},\"query-input\":{\"@type\":\"PropertyValueSpecification\",\"valueRequired\":true,\"valueName\":\"search_term_string\"}}],\"inLanguage\":\"ru-RU\"},{\"@type\":\"Organization\",\"@id\":\"https:\/\/vpmk.edu.ee\/#organization\",\"name\":\"\u0412\u0430\u043b\u0433\u0430\u0441\u043a\u0430\u044f \u0448\u043a\u043e\u043b\u0430 \u041f\u0440\u0438\u0439\u043c\u0435\u0442\u0441\u0430\",\"url\":\"https:\/\/vpmk.edu.ee\/\",\"logo\":{\"@type\":\"ImageObject\",\"inLanguage\":\"ru-RU\",\"@id\":\"https:\/\/vpmk.edu.ee\/#\/schema\/logo\/image\/\",\"url\":\"http:\/\/vpmk.edu.ee\/wp-content\/uploads\/2023\/02\/cropped-cropped-Valga-Priimetsa-Kool-\u2013-logoks-1.png\",\"contentUrl\":\"http:\/\/vpmk.edu.ee\/wp-content\/uploads\/2023\/02\/cropped-cropped-Valga-Priimetsa-Kool-\u2013-logoks-1.png\",\"width\":2058,\"height\":1615,\"caption\":\"\u0412\u0430\u043b\u0433\u0430\u0441\u043a\u0430\u044f \u0448\u043a\u043e\u043b\u0430 \u041f\u0440\u0438\u0439\u043c\u0435\u0442\u0441\u0430\"},\"image\":{\"@id\":\"https:\/\/vpmk.edu.ee\/#\/schema\/logo\/image\/\"}},{\"@type\":\"Person\",\"@id\":\"https:\/\/vpmk.edu.ee\/#\/schema\/person\/a15464c59434b4c3a472c03536668c48\",\"name\":\"Administraator\",\"image\":{\"@type\":\"ImageObject\",\"inLanguage\":\"ru-RU\",\"@id\":\"https:\/\/vpmk.edu.ee\/#\/schema\/person\/image\/\",\"url\":\"https:\/\/secure.gravatar.com\/avatar\/69202627f44ec0bafe37ae648c36be246247edc0f98a094bbc76298a4a172013?s=96&d=mm&r=g\",\"contentUrl\":\"https:\/\/secure.gravatar.com\/avatar\/69202627f44ec0bafe37ae648c36be246247edc0f98a094bbc76298a4a172013?s=96&d=mm&r=g\",\"caption\":\"Administraator\"},\"url\":\"http:\/\/vpmk.edu.ee\/ru\/author\/rait\/\"}]}<\/script>\n<!-- \/ Yoast SEO plugin. -->","yoast_head_json":{"title":"Priimetsa kool andis aukodaniku tiitli hoolekogu esimehele - \u0412\u0430\u043b\u0433\u0430\u0441\u043a\u0430\u044f \u0448\u043a\u043e\u043b\u0430 \u041f\u0440\u0438\u0439\u043c\u0435\u0442\u0441\u0430","robots":{"index":"index","follow":"follow","max-snippet":"max-snippet:-1","max-image-preview":"max-image-preview:large","max-video-preview":"max-video-preview:-1"},"canonical":"http:\/\/vpmk.edu.ee\/uncategorized\/priimetsa-kool-andis-aukodaniku-tiitli-hoolekogu-esimehele\/","og_locale":"ru_RU","og_type":"article","og_title":"Priimetsa kool andis aukodaniku tiitli hoolekogu esimehele - \u0412\u0430\u043b\u0433\u0430\u0441\u043a\u0430\u044f \u0448\u043a\u043e\u043b\u0430 \u041f\u0440\u0438\u0439\u043c\u0435\u0442\u0441\u0430","og_url":"http:\/\/vpmk.edu.ee\/uncategorized\/priimetsa-kool-andis-aukodaniku-tiitli-hoolekogu-esimehele\/","og_site_name":"\u0412\u0430\u043b\u0433\u0430\u0441\u043a\u0430\u044f \u0448\u043a\u043e\u043b\u0430 \u041f\u0440\u0438\u0439\u043c\u0435\u0442\u0441\u0430","article_published_time":"2016-11-29T18:12:54+00:00","article_modified_time":"2016-11-29T18:18:22+00:00","og_image":[{"url":"http:\/\/vpmk.edu.ee\/wp-content\/uploads\/2016\/11\/6124285t100h367d-600x400.jpg","type":"","width":"","height":""}],"author":"Administraator","twitter_card":"summary_large_image","twitter_misc":{"\u041d\u0430\u043f\u0438\u0441\u0430\u043d\u043e \u0430\u0432\u0442\u043e\u0440\u043e\u043c":"Administraator"},"schema":{"@context":"https:\/\/schema.org","@graph":[{"@type":"Article","@id":"http:\/\/vpmk.edu.ee\/uncategorized\/priimetsa-kool-andis-aukodaniku-tiitli-hoolekogu-esimehele\/#article","isPartOf":{"@id":"http:\/\/vpmk.edu.ee\/uncategorized\/priimetsa-kool-andis-aukodaniku-tiitli-hoolekogu-esimehele\/"},"author":{"name":"Administraator","@id":"https:\/\/vpmk.edu.ee\/#\/schema\/person\/a15464c59434b4c3a472c03536668c48"},"headline":"Priimetsa kool andis aukodaniku tiitli hoolekogu esimehele","datePublished":"2016-11-29T18:12:54+00:00","dateModified":"2016-11-29T18:18:22+00:00","mainEntityOfPage":{"@id":"http:\/\/vpmk.edu.ee\/uncategorized\/priimetsa-kool-andis-aukodaniku-tiitli-hoolekogu-esimehele\/"},"wordCount":73,"publisher":{"@id":"https:\/\/vpmk.edu.ee\/#organization"},"image":{"@id":"http:\/\/vpmk.edu.ee\/uncategorized\/priimetsa-kool-andis-aukodaniku-tiitli-hoolekogu-esimehele\/#primaryimage"},"thumbnailUrl":"http:\/\/vpmk.edu.ee\/wp-content\/uploads\/2016\/11\/6124285t100h367d-600x400.jpg","articleSection":["Uudised"],"inLanguage":"ru-RU"},{"@type":"WebPage","@id":"http:\/\/vpmk.edu.ee\/uncategorized\/priimetsa-kool-andis-aukodaniku-tiitli-hoolekogu-esimehele\/","url":"http:\/\/vpmk.edu.ee\/uncategorized\/priimetsa-kool-andis-aukodaniku-tiitli-hoolekogu-esimehele\/","name":"Priimetsa kool andis aukodaniku tiitli hoolekogu esimehele - \u0412\u0430\u043b\u0433\u0430\u0441\u043a\u0430\u044f \u0448\u043a\u043e\u043b\u0430 \u041f\u0440\u0438\u0439\u043c\u0435\u0442\u0441\u0430","isPartOf":{"@id":"https:\/\/vpmk.edu.ee\/#website"},"primaryImageOfPage":{"@id":"http:\/\/vpmk.edu.ee\/uncategorized\/priimetsa-kool-andis-aukodaniku-tiitli-hoolekogu-esimehele\/#primaryimage"},"image":{"@id":"http:\/\/vpmk.edu.ee\/uncategorized\/priimetsa-kool-andis-aukodaniku-tiitli-hoolekogu-esimehele\/#primaryimage"},"thumbnailUrl":"http:\/\/vpmk.edu.ee\/wp-content\/uploads\/2016\/11\/6124285t100h367d-600x400.jpg","datePublished":"2016-11-29T18:12:54+00:00","dateModified":"2016-11-29T18:18:22+00:00","breadcrumb":{"@id":"http:\/\/vpmk.edu.ee\/uncategorized\/priimetsa-kool-andis-aukodaniku-tiitli-hoolekogu-esimehele\/#breadcrumb"},"inLanguage":"ru-RU","potentialAction":[{"@type":"ReadAction","target":["http:\/\/vpmk.edu.ee\/uncategorized\/priimetsa-kool-andis-aukodaniku-tiitli-hoolekogu-esimehele\/"]}]},{"@type":"ImageObject","inLanguage":"ru-RU","@id":"http:\/\/vpmk.edu.ee\/uncategorized\/priimetsa-kool-andis-aukodaniku-tiitli-hoolekogu-esimehele\/#primaryimage","url":"http:\/\/vpmk.edu.ee\/wp-content\/uploads\/2016\/11\/6124285t100h367d-600x400.jpg","contentUrl":"http:\/\/vpmk.edu.ee\/wp-content\/uploads\/2016\/11\/6124285t100h367d-600x400.jpg"},{"@type":"BreadcrumbList","@id":"http:\/\/vpmk.edu.ee\/uncategorized\/priimetsa-kool-andis-aukodaniku-tiitli-hoolekogu-esimehele\/#breadcrumb","itemListElement":[{"@type":"ListItem","position":1,"name":"Home","item":"https:\/\/vpmk.edu.ee\/"},{"@type":"ListItem","position":2,"name":"Priimetsa kool andis aukodaniku tiitli hoolekogu esimehele"}]},{"@type":"WebSite","@id":"https:\/\/vpmk.edu.ee\/#website","url":"https:\/\/vpmk.edu.ee\/","name":"\u0412\u0430\u043b\u0433\u0430\u0441\u043a\u0430\u044f \u0448\u043a\u043e\u043b\u0430 \u041f\u0440\u0438\u0439\u043c\u0435\u0442\u0441\u0430","description":"","publisher":{"@id":"https:\/\/vpmk.edu.ee\/#organization"},"potentialAction":[{"@type":"SearchAction","target":{"@type":"EntryPoint","urlTemplate":"https:\/\/vpmk.edu.ee\/?s={search_term_string}"},"query-input":{"@type":"PropertyValueSpecification","valueRequired":true,"valueName":"search_term_string"}}],"inLanguage":"ru-RU"},{"@type":"Organization","@id":"https:\/\/vpmk.edu.ee\/#organization","name":"\u0412\u0430\u043b\u0433\u0430\u0441\u043a\u0430\u044f \u0448\u043a\u043e\u043b\u0430 \u041f\u0440\u0438\u0439\u043c\u0435\u0442\u0441\u0430","url":"https:\/\/vpmk.edu.ee\/","logo":{"@type":"ImageObject","inLanguage":"ru-RU","@id":"https:\/\/vpmk.edu.ee\/#\/schema\/logo\/image\/","url":"http:\/\/vpmk.edu.ee\/wp-content\/uploads\/2023\/02\/cropped-cropped-Valga-Priimetsa-Kool-\u2013-logoks-1.png","contentUrl":"http:\/\/vpmk.edu.ee\/wp-content\/uploads\/2023\/02\/cropped-cropped-Valga-Priimetsa-Kool-\u2013-logoks-1.png","width":2058,"height":1615,"caption":"\u0412\u0430\u043b\u0433\u0430\u0441\u043a\u0430\u044f \u0448\u043a\u043e\u043b\u0430 \u041f\u0440\u0438\u0439\u043c\u0435\u0442\u0441\u0430"},"image":{"@id":"https:\/\/vpmk.edu.ee\/#\/schema\/logo\/image\/"}},{"@type":"Person","@id":"https:\/\/vpmk.edu.ee\/#\/schema\/person\/a15464c59434b4c3a472c03536668c48","name":"Administraator","image":{"@type":"ImageObject","inLanguage":"ru-RU","@id":"https:\/\/vpmk.edu.ee\/#\/schema\/person\/image\/","url":"https:\/\/secure.gravatar.com\/avatar\/69202627f44ec0bafe37ae648c36be246247edc0f98a094bbc76298a4a172013?s=96&d=mm&r=g","contentUrl":"https:\/\/secure.gravatar.com\/avatar\/69202627f44ec0bafe37ae648c36be246247edc0f98a094bbc76298a4a172013?s=96&d=mm&r=g","caption":"Administraator"},"url":"http:\/\/vpmk.edu.ee\/ru\/author\/rait\/"}]}},"_links":{"self":[{"href":"http:\/\/vpmk.edu.ee\/ru\/wp-json\/wp\/v2\/posts\/2669","targetHints":{"allow":["GET"]}}],"collection":[{"href":"http:\/\/vpmk.edu.ee\/ru\/wp-json\/wp\/v2\/posts"}],"about":[{"href":"http:\/\/vpmk.edu.ee\/ru\/wp-json\/wp\/v2\/types\/post"}],"author":[{"embeddable":true,"href":"http:\/\/vpmk.edu.ee\/ru\/wp-json\/wp\/v2\/users\/3"}],"replies":[{"embeddable":true,"href":"http:\/\/vpmk.edu.ee\/ru\/wp-json\/wp\/v2\/comments?post=2669"}],"version-history":[{"count":3,"href":"http:\/\/vpmk.edu.ee\/ru\/wp-json\/wp\/v2\/posts\/2669\/revisions"}],"predecessor-version":[{"id":2673,"href":"http:\/\/vpmk.edu.ee\/ru\/wp-json\/wp\/v2\/posts\/2669\/revisions\/2673"}],"wp:attachment":[{"href":"http:\/\/vpmk.edu.ee\/ru\/wp-json\/wp\/v2\/media?parent=2669"}],"wp:term":[{"taxonomy":"category","embeddable":true,"href":"http:\/\/vpmk.edu.ee\/ru\/wp-json\/wp\/v2\/categories?post=2669"},{"taxonomy":"post_tag","embeddable":true,"href":"http:\/\/vpmk.edu.ee\/ru\/wp-json\/wp\/v2\/tags?post=2669"}],"curies":[{"name":"wp","href":"https:\/\/api.w.org\/{rel}","templated":true}]}}